{"id":943,"date":"2023-10-03T17:17:26","date_gmt":"2023-10-03T17:17:26","guid":{"rendered":"https:\/\/niveluno.com\/?p=943"},"modified":"2023-10-18T17:24:08","modified_gmt":"2023-10-18T17:24:08","slug":"gobierno-de-texcoco-equipa-aulas-de-prepa-a-peticion-de-estudiantes","status":"publish","type":"post","link":"https:\/\/niveluno.com\/index.php\/2023\/10\/03\/gobierno-de-texcoco-equipa-aulas-de-prepa-a-peticion-de-estudiantes\/","title":{"rendered":"Gobierno de Texcoco equipa aulas de prepa a petici\u00f3n de estudiantes"},"content":{"rendered":"<p><strong>Texcoco, Edom\u00e9x. 3 de octubre, 2023.- <\/strong>El gobierno municipal de Texcoco respondi\u00f3 a la solicitud de estudiantes de la Escuela Preparatoria Oficial No. 100 equipando aulas con mobiliario escolar para mejorar las condiciones educativas. La presidenta municipal, Sandra Luz Falc\u00f3n Venegas, se comprometi\u00f3 con la educaci\u00f3n y entreg\u00f3 m\u00e1s de 150 butacas escolares en beneficio de los alumnos.<\/p>\n<div class=\"flex-1 overflow-hidden\">\n<div class=\"react-scroll-to-bottom--css-dvssi-79elbk h-full dark:bg-gray-800\">\n<div class=\"react-scroll-to-bottom--css-dvssi-1n7m0yu\">\n<div class=\"flex flex-col text-sm dark:bg-gray-800\">\n<div class=\"group final-completion w-full text-token-text-primary border-b border-black\/10 gizmo:border-0 dark:border-gray-900\/50 gizmo:dark:border-0 bg-gray-50 gizmo:bg-transparent dark:bg-[#444654] gizmo:dark:bg-transparent\" data-testid=\"conversation-turn-21\">\n<div class=\"p-4 justify-center text-base md:gap-6 md:py-6 m-auto\">\n<div class=\"flex flex-1 gap-4 text-base mx-auto md:gap-6 gizmo:gap-3 gizmo:md:px-5 gizmo:lg:px-1 gizmo:xl:px-5 md:max-w-2xl lg:max-w-[38rem] gizmo:md:max-w-3xl gizmo:lg:max-w-[40rem] gizmo:xl:max-w-[48rem] xl:max-w-3xl }\">\n<div class=\"relative flex w-[calc(100%-50px)] flex-col gizmo:w-full lg:w-[calc(100%-115px)] agent-turn\">\n<div class=\"flex-col gap-1 md:gap-3\">\n<div class=\"flex flex-grow flex-col gap-3 max-w-full\">\n<div class=\"min-h-[20px] flex flex-col items-start gap-3 whitespace-pre-wrap break-words overflow-x-auto\">\n<div class=\"markdown prose w-full break-words dark:prose-invert light\">\n<p>Durante su visita a la preparatoria al inicio del ciclo escolar 2023-2024, los estudiantes expresaron su necesidad de butacas escolares a la presidenta municipal. En respuesta a esta petici\u00f3n, el gobierno municipal se dio a la tarea de dotar de m\u00e1s de 150 butacas escolares al plantel educativo.<\/p>\n<p>En un acto que cont\u00f3 con la presencia de miembros del cuerpo edilicio, Sandra Luz Falc\u00f3n Venegas entreg\u00f3 las butacas en beneficio de la poblaci\u00f3n escolar de la Escuela Preparatoria Oficial N\u00famero 100. Afirm\u00f3 que est\u00e1n conscientes de la necesidad de este mobiliario y conf\u00edan en que se le dar\u00e1 un buen uso.<\/p>\n<p>La presidenta municipal destac\u00f3 el compromiso del gobierno municipal con la educaci\u00f3n y asegur\u00f3 que &#8220;refuta este compromiso con hechos&#8221;. La Escuela Preparatoria Oficial No. 100 fue fundada en 1993 y, con esta acci\u00f3n, el gobierno municipal reiter\u00f3 su compromiso con los j\u00f3venes y su educaci\u00f3n, garantizando un entorno adecuado para el aprendizaje en un ambiente de paz y armon\u00eda.<\/p>\n<p>La entrega de mobiliario escolar es parte de los esfuerzos del gobierno municipal de Texcoco para apoyar a la comunidad educativa y mejorar las condiciones de las instituciones educativas locales.<\/p>\n<p><strong>La Gu\u00eda de Barrio<\/strong><\/p>\n<\/div>\n<\/div>\n<\/div>\n<\/div>\n<\/div>\n<\/div>\n<\/div>\n<\/div>\n<\/div>\n<\/div>\n<\/div>\n<\/div>\n<div class=\"w-full pt-2 border-t md:border-t-0 dark:border-white\/20 md:border-transparent md:dark:border-transparent md:pl-2 md:w-[calc(100%-.5rem)] absolute bottom-0 left-0 md:bg-vert-light-gradient bg-white dark:bg-gray-800 md:!bg-transparent dark:md:bg-vert-dark-gradient\">\n<form class=\"stretch mx-2 flex flex-row gap-3 last:mb-2 md:mx-4 md:last:mb-6 lg:mx-auto lg:max-w-2xl xl:max-w-3xl\">\n<div class=\"relative flex h-full flex-1 items-stretch md:flex-col\">\n<div>\n<div class=\"h-full flex ml-1 md:w-full md:m-auto md:mb-4 gap-0 md:gap-2 justify-center\"><\/div>\n<\/div>\n<\/div>\n<\/form>\n<\/div>\n","protected":false},"excerpt":{"rendered":"<p>Texcoco, Edom\u00e9x. 3 de octubre, 2023.- El gobierno municipal de Texcoco respondi\u00f3 a la solicitud de estudiantes de la Escuela Preparatoria Oficial No. 100 equipando aulas con mobiliario escolar para mejorar las condiciones educativas. La presidenta municipal, Sandra Luz Falc\u00f3n Venegas, se comprometi\u00f3 con la educaci\u00f3n y entreg\u00f3 m\u00e1s de 150 butacas escolares en beneficio [&hellip;]<\/p>\n","protected":false},"author":1,"featured_media":944,"comment_status":"open","ping_status":"open","sticky":false,"template":"","format":"standard","meta":{"om_disable_all_campaigns":false,"_monsterinsights_skip_tracking":false,"_monsterinsights_sitenote_active":false,"_monsterinsights_sitenote_note":"","_monsterinsights_sitenote_category":0,"_uf_show_specific_survey":0,"_uf_disable_surveys":false,"amp_status":""},"categories":[173],"tags":[275,491,492,174],"aioseo_notices":[],"_links":{"self":[{"href":"https:\/\/niveluno.com\/index.php\/wp-json\/wp\/v2\/posts\/943"}],"collection":[{"href":"https:\/\/niveluno.com\/index.php\/wp-json\/wp\/v2\/posts"}],"about":[{"href":"https:\/\/niveluno.com\/index.php\/wp-json\/wp\/v2\/types\/post"}],"author":[{"embeddable":true,"href":"https:\/\/niveluno.com\/index.php\/wp-json\/wp\/v2\/users\/1"}],"replies":[{"embeddable":true,"href":"https:\/\/niveluno.com\/index.php\/wp-json\/wp\/v2\/comments?post=943"}],"version-history":[{"count":1,"href":"https:\/\/niveluno.com\/index.php\/wp-json\/wp\/v2\/posts\/943\/revisions"}],"predecessor-version":[{"id":945,"href":"https:\/\/niveluno.com\/index.php\/wp-json\/wp\/v2\/posts\/943\/revisions\/945"}],"wp:featuredmedia":[{"embeddable":true,"href":"https:\/\/niveluno.com\/index.php\/wp-json\/wp\/v2\/media\/944"}],"wp:attachment":[{"href":"https:\/\/niveluno.com\/index.php\/wp-json\/wp\/v2\/media?parent=943"}],"wp:term":[{"taxonomy":"category","embeddable":true,"href":"https:\/\/niveluno.com\/index.php\/wp-json\/wp\/v2\/categories?post=943"},{"taxonomy":"post_tag","embeddable":true,"href":"https:\/\/niveluno.com\/index.php\/wp-json\/wp\/v2\/tags?post=943"}],"curies":[{"name":"wp","href":"https:\/\/api.w.org\/{rel}","templated":true}]}}