{"id":877,"date":"2023-09-14T18:20:38","date_gmt":"2023-09-14T18:20:38","guid":{"rendered":"https:\/\/niveluno.com\/?p=877"},"modified":"2023-10-12T18:24:20","modified_gmt":"2023-10-12T18:24:20","slug":"embellecen-calles-de-texcoco-por-fiestas-patrias","status":"publish","type":"post","link":"https:\/\/niveluno.com\/index.php\/2023\/09\/14\/embellecen-calles-de-texcoco-por-fiestas-patrias\/","title":{"rendered":"Embellecen calles de Texcoco por Fiestas Patrias"},"content":{"rendered":"<p><strong>Texcoco, Edom\u00e9x. 14 de septiembre, 2023.-<\/strong> En honor al CCXIII aniversario de la Independencia de M\u00e9xico, el gobierno municipal de Texcoco ha emprendido una transformaci\u00f3n visual de las calles, plazas y la presidencia municipal. La decoraci\u00f3n conmemorativa, que se ha extendido por toda la ciudad, incluye rostros de mujeres valientes que defendieron la patria y permanecer\u00e1 durante todo el mes de septiembre.<\/p>\n<p>Los diversos espacios p\u00fablicos se han adornado con gallardetes, figuras luminosas como campanas, banderas y el escudo nacional. Adem\u00e1s, los rostros de destacadas hero\u00ednas de la independencia, como Josefa Ortiz de Dom\u00ednguez, Leona Vicario, Manuela Medina y Gertrudis Bocanegra, forman parte de los arreglos que representar\u00e1n las festividades patrias en las calles aleda\u00f1as al centro de Texcoco.<\/p>\n<p>Las avenidas Ju\u00e1rez, Allende, Nezahualc\u00f3yotl, el palacio municipal, los portales y el arco del bulevar Chapingo se han vestido de verde, blanco y rojo para conmemorar este importante evento. En este contexto, el gobierno de Texcoco hace un llamado a la comunidad local a unirse a los festejos de 2023 decorando sus casas y fachadas con los colores patrios.<\/p>\n<p>La presidenta municipal de Texcoco, Sandra Luz Falc\u00f3n Venegas, ha invitado a celebrar las fiestas patrias en un ambiente arm\u00f3nico y familiar. El ayuntamiento ha preparado un programa de eventos adecuado para toda la familia, con el objetivo de ofrecer un espacio de esparcimiento para disfrutar la noche del 15 de septiembre y el desfile que tendr\u00e1 lugar el 16 de septiembre en las principales calles de Texcoco.<\/p>\n<p>El escenario en el jard\u00edn municipal albergar\u00e1 un espect\u00e1culo cultural que se llevar\u00e1 a cabo de 17:00 a 20:00 horas, con el concierto &#8220;Mosaico Regional Mexicano&#8221;, a cargo de la banda sinf\u00f3nica juvenil y el coro de las ESEM, adem\u00e1s de presentaciones como &#8220;Estampas de M\u00e9xico&#8221;, &#8220;M\u00e9xico de Norte a Sur&#8221; y la compa\u00f1\u00eda de danza folkl\u00f3rica &#8220;Convergencias&#8221;.<\/p>\n<p><img decoding=\"async\" class=\"gndfcl4n p357zi0d ppled2lx ac2vgrno gfz4du6o r7fjleex g0rxnol2 ln8gz9je b9fczbqn _11JPr\" tabindex=\"0\" draggable=\"true\" src=\"blob:file:\/\/\/a3b91ba3-e267-4326-a289-dbbeeaf41ead\" alt=\"\" crossorigin=\"anonymous\" \/><img decoding=\"async\" class=\"aligncenter wp-image-879 size-large\" src=\"http:\/\/niveluno.com\/wp-content\/uploads\/2023\/10\/a3b91ba3-e267-4326-a289-dbbeeaf41ead-792x1024.jpg\" alt=\"\" width=\"740\" height=\"957\" srcset=\"https:\/\/niveluno.com\/wp-content\/uploads\/2023\/10\/a3b91ba3-e267-4326-a289-dbbeeaf41ead-792x1024.jpg 792w, https:\/\/niveluno.com\/wp-content\/uploads\/2023\/10\/a3b91ba3-e267-4326-a289-dbbeeaf41ead-232x300.jpg 232w, https:\/\/niveluno.com\/wp-content\/uploads\/2023\/10\/a3b91ba3-e267-4326-a289-dbbeeaf41ead-768x993.jpg 768w, https:\/\/niveluno.com\/wp-content\/uploads\/2023\/10\/a3b91ba3-e267-4326-a289-dbbeeaf41ead.jpg 1080w\" sizes=\"(max-width: 740px) 100vw, 740px\" \/><\/p>\n<p>Para el tradicional Grito de Independencia, la alcaldesa de Texcoco, Sandra Luz Falc\u00f3n Venegas, dar\u00e1 el esperado \u00a1Viva M\u00e9xico! a las 10:40 horas en la presidencia municipal, acompa\u00f1ada del \u00f3rgano de gobierno.<\/p>\n<p>El cartel musical estar\u00e1 repleto de emocionantes actuaciones, incluyendo la presentaci\u00f3n de Los Cardenales de Nuevo Le\u00f3n a las 19:00 horas. Mi Banda el Mexicano deleitar\u00e1 a los texcocanos y visitantes en un escenario en la calle Nezahualc\u00f3yotl a las 20:45 horas, y a las 23:15, el renombrado salsero Alberto Barros har\u00e1 que todos bailen con su tributo a la salsa.<\/p>\n<p>Tras el Grito de Independencia, los asistentes podr\u00e1n disfrutar de un espect\u00e1culo de pirotecnia y m\u00fasica, preparado para culminar la noche mexicana en Texcoco.<\/p>\n<p>El gobierno municipal hace un llamado a la comunidad para que asista a disfrutar de los espect\u00e1culos y la gastronom\u00eda de antojitos mexicanos, al mismo tiempo que recalca la prohibici\u00f3n de armas, botellas de vidrio, drogas y alcohol, con el fin de garantizar la seguridad de todos los asistentes.<\/p>\n","protected":false},"excerpt":{"rendered":"<p>Texcoco, Edom\u00e9x. 14 de septiembre, 2023.- En honor al CCXIII aniversario de la Independencia de M\u00e9xico, el gobierno municipal de Texcoco ha emprendido una transformaci\u00f3n visual de las calles, plazas y la presidencia municipal. La decoraci\u00f3n conmemorativa, que se ha extendido por toda la ciudad, incluye rostros de mujeres valientes que defendieron la patria y [&hellip;]<\/p>\n","protected":false},"author":1,"featured_media":878,"comment_status":"open","ping_status":"open","sticky":false,"template":"","format":"standard","meta":{"om_disable_all_campaigns":false,"_monsterinsights_skip_tracking":false,"_monsterinsights_sitenote_active":false,"_monsterinsights_sitenote_note":"","_monsterinsights_sitenote_category":0,"_uf_show_specific_survey":0,"_uf_disable_surveys":false,"amp_status":""},"categories":[173],"tags":[404,447,448,175],"aioseo_notices":[],"_links":{"self":[{"href":"https:\/\/niveluno.com\/index.php\/wp-json\/wp\/v2\/posts\/877"}],"collection":[{"href":"https:\/\/niveluno.com\/index.php\/wp-json\/wp\/v2\/posts"}],"about":[{"href":"https:\/\/niveluno.com\/index.php\/wp-json\/wp\/v2\/types\/post"}],"author":[{"embeddable":true,"href":"https:\/\/niveluno.com\/index.php\/wp-json\/wp\/v2\/users\/1"}],"replies":[{"embeddable":true,"href":"https:\/\/niveluno.com\/index.php\/wp-json\/wp\/v2\/comments?post=877"}],"version-history":[{"count":1,"href":"https:\/\/niveluno.com\/index.php\/wp-json\/wp\/v2\/posts\/877\/revisions"}],"predecessor-version":[{"id":880,"href":"https:\/\/niveluno.com\/index.php\/wp-json\/wp\/v2\/posts\/877\/revisions\/880"}],"wp:featuredmedia":[{"embeddable":true,"href":"https:\/\/niveluno.com\/index.php\/wp-json\/wp\/v2\/media\/878"}],"wp:attachment":[{"href":"https:\/\/niveluno.com\/index.php\/wp-json\/wp\/v2\/media?parent=877"}],"wp:term":[{"taxonomy":"category","embeddable":true,"href":"https:\/\/niveluno.com\/index.php\/wp-json\/wp\/v2\/categories?post=877"},{"taxonomy":"post_tag","embeddable":true,"href":"https:\/\/niveluno.com\/index.php\/wp-json\/wp\/v2\/tags?post=877"}],"curies":[{"name":"wp","href":"https:\/\/api.w.org\/{rel}","templated":true}]}}