{"id":813,"date":"2023-08-08T12:24:41","date_gmt":"2023-08-08T12:24:41","guid":{"rendered":"https:\/\/niveluno.com\/?p=813"},"modified":"2023-09-19T12:40:22","modified_gmt":"2023-09-19T12:40:22","slug":"inician-las-actividades-del-taller-apreciacion-del-arte-en-las-escuelas-de-ensenanza-musical-de-texcoco","status":"publish","type":"post","link":"https:\/\/niveluno.com\/index.php\/2023\/08\/08\/inician-las-actividades-del-taller-apreciacion-del-arte-en-las-escuelas-de-ensenanza-musical-de-texcoco\/","title":{"rendered":"Inician las actividades del taller Apreciaci\u00f3n del Arte en las Escuelas de Ense\u00f1anza Musical de Texcoco"},"content":{"rendered":"<p><strong>Texcoco, Ed\u00f3mex. 8 de agosto, 2023.- <\/strong>Las Escuelas de Ense\u00f1anza Musical (ESEM) de Texcoco han dado inicio a las actividades del esperado taller de Apreciaci\u00f3n del Arte en las instalaciones de la Escuela de Artes y Oficios (FARO) de Texcoco.<\/p>\n<p>Este taller, que comenz\u00f3 el lunes 7 de agosto y se extender\u00e1 hasta el 11 del mismo mes, cuenta con la participaci\u00f3n entusiasta de m\u00e1s de 35 ni\u00f1os, quienes son alumnos de las 12 Escuelas de Ense\u00f1anza Musical distribuidas en el municipio.<\/p>\n<p>La Profesora Cecilia Cruz Pati\u00f1o, Directora de Cultura, tuvo el honor de inaugurar las actividades del taller, presentando a la Maestra Ix Chel Mart\u00ednez, encargada de impartir el curso. Cruz Pati\u00f1o destac\u00f3 que el prop\u00f3sito principal de estas actividades es complementar las clases y actividades regulares de las ESEM, todas centradas en el mundo de la m\u00fasica.<\/p>\n<p>La directora de Cultura agradeci\u00f3 a la Maestra Mart\u00ednez por brindar este valioso taller a los alumnos de las Escuelas de Ense\u00f1anza Musical de Texcoco.<\/p>\n<p>Por su parte, Genoveva Bernal, subdirectora de las ESEM, dio la bienvenida a los j\u00f3venes participantes y expres\u00f3 que estas actividades de verano no solo servir\u00e1n como un entretenimiento durante sus vacaciones, sino que tambi\u00e9n les proporcionar\u00e1n una nueva perspectiva sobre el aprendizaje musical. Bernal enfatiz\u00f3 la importancia de mantener una actitud positiva durante el taller de cinco d\u00edas.<\/p>\n<p>La Maestra Ix Chel Mart\u00ednez Galarza, originaria de la Ciudad de M\u00e9xico, cuenta con una destacada formaci\u00f3n acad\u00e9mica en m\u00fasica y psicolog\u00eda escolar. Su experiencia abarca la ense\u00f1anza musical y la investigaci\u00f3n sobre c\u00f3mo la m\u00fasica influye en los procesos de aprendizaje. Actualmente, es docente en el Conservatorio Nacional de M\u00fasica y colabora en un proyecto que busca mejorar el aprendizaje a trav\u00e9s de la m\u00fasica.<\/p>\n<p>El inicio de este taller de Apreciaci\u00f3n del Arte tambi\u00e9n cont\u00f3 con la participaci\u00f3n de Ma. Del Pilar Castro Hern\u00e1ndez, subdirectora de Cultura; Francisco Arpide, Director de la Banda Sinf\u00f3nica Municipal; y Andr\u00e9s Mart\u00ednez Claver\u00eda, Director de la Banda Sinf\u00f3nica Infantil de las ESEM.<\/p>\n<p>Es importante se\u00f1alar que del 14 al 25 de agosto de este a\u00f1o, se llevar\u00e1 a cabo el Taller de T\u00e9cnica Vocal Aplicada, dirigido por la Maestra Xiomara Lorena Pinto Garz\u00f3n, Vocal Coach y Directora de Vieja Escuela Centro de Artes Riobamba Ecuador, con clases magistrales destinadas a los alumnos de las ESEM.<\/p>\n","protected":false},"excerpt":{"rendered":"<p>Texcoco, Ed\u00f3mex. 8 de agosto, 2023.- Las Escuelas de Ense\u00f1anza Musical (ESEM) de Texcoco han dado inicio a las actividades del esperado taller de Apreciaci\u00f3n del Arte en las instalaciones de la Escuela de Artes y Oficios (FARO) de Texcoco. Este taller, que comenz\u00f3 el lunes 7 de agosto y se extender\u00e1 hasta el 11 [&hellip;]<\/p>\n","protected":false},"author":1,"featured_media":814,"comment_status":"open","ping_status":"open","sticky":false,"template":"","format":"standard","meta":{"om_disable_all_campaigns":false,"_monsterinsights_skip_tracking":false,"_monsterinsights_sitenote_active":false,"_monsterinsights_sitenote_note":"","_monsterinsights_sitenote_category":0,"_uf_show_specific_survey":0,"_uf_disable_surveys":false,"amp_status":""},"categories":[173],"tags":[392,389,391,390],"aioseo_notices":[],"_links":{"self":[{"href":"https:\/\/niveluno.com\/index.php\/wp-json\/wp\/v2\/posts\/813"}],"collection":[{"href":"https:\/\/niveluno.com\/index.php\/wp-json\/wp\/v2\/posts"}],"about":[{"href":"https:\/\/niveluno.com\/index.php\/wp-json\/wp\/v2\/types\/post"}],"author":[{"embeddable":true,"href":"https:\/\/niveluno.com\/index.php\/wp-json\/wp\/v2\/users\/1"}],"replies":[{"embeddable":true,"href":"https:\/\/niveluno.com\/index.php\/wp-json\/wp\/v2\/comments?post=813"}],"version-history":[{"count":1,"href":"https:\/\/niveluno.com\/index.php\/wp-json\/wp\/v2\/posts\/813\/revisions"}],"predecessor-version":[{"id":815,"href":"https:\/\/niveluno.com\/index.php\/wp-json\/wp\/v2\/posts\/813\/revisions\/815"}],"wp:featuredmedia":[{"embeddable":true,"href":"https:\/\/niveluno.com\/index.php\/wp-json\/wp\/v2\/media\/814"}],"wp:attachment":[{"href":"https:\/\/niveluno.com\/index.php\/wp-json\/wp\/v2\/media?parent=813"}],"wp:term":[{"taxonomy":"category","embeddable":true,"href":"https:\/\/niveluno.com\/index.php\/wp-json\/wp\/v2\/categories?post=813"},{"taxonomy":"post_tag","embeddable":true,"href":"https:\/\/niveluno.com\/index.php\/wp-json\/wp\/v2\/tags?post=813"}],"curies":[{"name":"wp","href":"https:\/\/api.w.org\/{rel}","templated":true}]}}