{"id":808,"date":"2023-08-07T12:12:18","date_gmt":"2023-08-07T12:12:18","guid":{"rendered":"https:\/\/niveluno.com\/?p=808"},"modified":"2023-09-19T12:40:44","modified_gmt":"2023-09-19T12:40:44","slug":"explosion-por-acumulacion-de-gas-en-texcoco-dos-menores-de-edad-trasladados-al-imss-197","status":"publish","type":"post","link":"https:\/\/niveluno.com\/index.php\/2023\/08\/07\/explosion-por-acumulacion-de-gas-en-texcoco-dos-menores-de-edad-trasladados-al-imss-197\/","title":{"rendered":"Explosi\u00f3n en Texcoco deja dos menores de edad con quemaduras"},"content":{"rendered":"<p><strong>Texcoco, Ed\u00f3mex. 7 de agosto, 2023.-<\/strong> En una operaci\u00f3n conjunta entre la Polic\u00eda Municipal de Texcoco y el equipo de atenci\u00f3n prehospitalaria, dos menores de edad fueron trasladados desde el Hospital Materno Infantil al Instituto Mexicano del Seguro Social (IMSS) 197, despu\u00e9s de haber sufrido quemaduras debido a una explosi\u00f3n por acumulaci\u00f3n de gas en su residencia.<\/p>\n<p>Seg\u00fan el informe policial, se solicit\u00f3 asistencia de una unidad de la polic\u00eda y una ambulancia para efectuar el traslado de los pacientes, de 13 y 17 a\u00f1os de edad, quienes hab\u00edan sido llevados inicialmente por sus familiares al Hospital Materno Infantil de Coatlinch\u00e1n tras la explosi\u00f3n por acumulaci\u00f3n de gas en su domicilio en la Calle Rosales n\u00famero 7 de la colonia Guadalupe en San Miguel Coatlinch\u00e1n. La madre de los menores, Lidia Cuevas L\u00f3pez, de 41 a\u00f1os de edad, proporcion\u00f3 detalles sobre el incidente.<\/p>\n<p>Seg\u00fan el relato de la madre a los oficiales municipales, se produjo una explosi\u00f3n en su vivienda mientras sus dos hijos menores se encontraban en su interior. Los menores fueron trasladados de inmediato al hospital m\u00e1s cercano, el Materno Infantil de Coatlinch\u00e1n, donde recibieron atenci\u00f3n m\u00e9dica y fueron estabilizados.<\/p>\n<p>La Direcci\u00f3n de Protecci\u00f3n Civil, Bomberos y Atenci\u00f3n M\u00e9dica Prehospitalaria inform\u00f3 que los heridos por la explosi\u00f3n sufrieron quemaduras de segundo grado. La joven presentaba quemaduras en el 60 por ciento de su cuerpo, mientras que el menor ten\u00eda quemaduras en el 30 por ciento de su cuerpo. Ambos fueron trasladados bajo custodia de unidades de la polic\u00eda municipal por param\u00e9dicos de Protecci\u00f3n Civil e ingresados al Hospital Regional de Zona 197 de Texcoco.<\/p>\n<p>Respecto al incendio, las autoridades indicaron que, despu\u00e9s de inspeccionar el lugar, determinaron que se trat\u00f3 de un flamazo causado por la acumulaci\u00f3n de gas. Se confirm\u00f3 que las instalaciones estaban funcionando con normalidad y se recomend\u00f3 a los residentes que tomaran las medidas necesarias para prevenir futuros accidentes de este tipo y asegurar la seguridad de sus instalaciones.<\/p>\n","protected":false},"excerpt":{"rendered":"<p>Texcoco, Ed\u00f3mex. 7 de agosto, 2023.- En una operaci\u00f3n conjunta entre la Polic\u00eda Municipal de Texcoco y el equipo de atenci\u00f3n prehospitalaria, dos menores de edad fueron trasladados desde el Hospital Materno Infantil al Instituto Mexicano del Seguro Social (IMSS) 197, despu\u00e9s de haber sufrido quemaduras debido a una explosi\u00f3n por acumulaci\u00f3n de gas en [&hellip;]<\/p>\n","protected":false},"author":1,"featured_media":809,"comment_status":"open","ping_status":"open","sticky":false,"template":"","format":"standard","meta":{"om_disable_all_campaigns":false,"_monsterinsights_skip_tracking":false,"_monsterinsights_sitenote_active":false,"_monsterinsights_sitenote_note":"","_monsterinsights_sitenote_category":0,"_uf_show_specific_survey":0,"_uf_disable_surveys":false,"amp_status":""},"categories":[173],"tags":[385,387,358,386,388],"aioseo_notices":[],"_links":{"self":[{"href":"https:\/\/niveluno.com\/index.php\/wp-json\/wp\/v2\/posts\/808"}],"collection":[{"href":"https:\/\/niveluno.com\/index.php\/wp-json\/wp\/v2\/posts"}],"about":[{"href":"https:\/\/niveluno.com\/index.php\/wp-json\/wp\/v2\/types\/post"}],"author":[{"embeddable":true,"href":"https:\/\/niveluno.com\/index.php\/wp-json\/wp\/v2\/users\/1"}],"replies":[{"embeddable":true,"href":"https:\/\/niveluno.com\/index.php\/wp-json\/wp\/v2\/comments?post=808"}],"version-history":[{"count":3,"href":"https:\/\/niveluno.com\/index.php\/wp-json\/wp\/v2\/posts\/808\/revisions"}],"predecessor-version":[{"id":812,"href":"https:\/\/niveluno.com\/index.php\/wp-json\/wp\/v2\/posts\/808\/revisions\/812"}],"wp:featuredmedia":[{"embeddable":true,"href":"https:\/\/niveluno.com\/index.php\/wp-json\/wp\/v2\/media\/809"}],"wp:attachment":[{"href":"https:\/\/niveluno.com\/index.php\/wp-json\/wp\/v2\/media?parent=808"}],"wp:term":[{"taxonomy":"category","embeddable":true,"href":"https:\/\/niveluno.com\/index.php\/wp-json\/wp\/v2\/categories?post=808"},{"taxonomy":"post_tag","embeddable":true,"href":"https:\/\/niveluno.com\/index.php\/wp-json\/wp\/v2\/tags?post=808"}],"curies":[{"name":"wp","href":"https:\/\/api.w.org\/{rel}","templated":true}]}}