{"id":792,"date":"2023-08-01T11:33:59","date_gmt":"2023-08-01T11:33:59","guid":{"rendered":"https:\/\/niveluno.com\/?p=792"},"modified":"2023-08-07T11:35:58","modified_gmt":"2023-08-07T11:35:58","slug":"exitosa-jornada-de-salud-en-texcoco-isem-atiende-a-la-comunidad","status":"publish","type":"post","link":"https:\/\/niveluno.com\/index.php\/2023\/08\/01\/exitosa-jornada-de-salud-en-texcoco-isem-atiende-a-la-comunidad\/","title":{"rendered":"Exitosa jornada de salud en Texcoco: ISEM atiende a la comunidad"},"content":{"rendered":"<p>La Jurisdicci\u00f3n Sanitaria del Instituto de Salud del Estado de M\u00e9xico (ISEM) organiz\u00f3 con \u00e9xito la Jornada de Salud Comunitaria en las instalaciones del palacio municipal de Texcoco. El evento estuvo destinado a brindar atenci\u00f3n a la comunidad en general, ofreciendo una serie de servicios m\u00e9dicos y de bienestar.<\/p>\n<p>Durante esta jornada, se proporcionaron servicios esenciales que incluyeron consulta m\u00e9dica, entrega de medicamentos, detecci\u00f3n de glucosa, administraci\u00f3n de vacunas a menores de hasta seis a\u00f1os y asesoramiento en m\u00e9todos de planificaci\u00f3n familiar. La iniciativa busca promover la salud y el bienestar de la poblaci\u00f3n local, abordando diversas necesidades de atenci\u00f3n m\u00e9dica en un solo lugar.<\/p>\n<p>Estas jornadas de salud comunitaria se llevan a cabo de manera peri\u00f3dica en los centros de salud de diversas comunidades del municipio. El compromiso de la Jurisdicci\u00f3n Sanitaria del ISEM se refleja en su constante presencia en la vida de la comunidad, brindando servicios m\u00e9dicos preventivos y curativos para mejorar la calidad de vida de los habitantes de Texcoco.<\/p>\n<p>La doctora Celia Carolina Alvarado Hern\u00e1ndez, directora del Centro de Salud Urbano &#8220;Juli\u00e1n Villarreal&#8221;, expres\u00f3 su agradecimiento a las autoridades municipales por su apoyo y colaboraci\u00f3n en la realizaci\u00f3n de estas jornadas. Destac\u00f3 la importancia de estas actividades que se llevan a cabo de manera regular y que tienen un impacto significativo en la salud y el bienestar de los residentes de este municipio.<\/p>\n<p>&nbsp;<\/p>\n","protected":false},"excerpt":{"rendered":"<p>La Jurisdicci\u00f3n Sanitaria del Instituto de Salud del Estado de M\u00e9xico (ISEM) organiz\u00f3 con \u00e9xito la Jornada de Salud Comunitaria en las instalaciones del palacio municipal de Texcoco. El evento estuvo destinado a brindar atenci\u00f3n a la comunidad en general, ofreciendo una serie de servicios m\u00e9dicos y de bienestar. Durante esta jornada, se proporcionaron servicios [&hellip;]<\/p>\n","protected":false},"author":1,"featured_media":793,"comment_status":"open","ping_status":"open","sticky":false,"template":"","format":"standard","meta":{"om_disable_all_campaigns":false,"_monsterinsights_skip_tracking":false,"_monsterinsights_sitenote_active":false,"_monsterinsights_sitenote_note":"","_monsterinsights_sitenote_category":0,"_uf_show_specific_survey":0,"_uf_disable_surveys":false,"amp_status":""},"categories":[173],"tags":[368,370,268,366,367,365,369,175],"aioseo_notices":[],"_links":{"self":[{"href":"https:\/\/niveluno.com\/index.php\/wp-json\/wp\/v2\/posts\/792"}],"collection":[{"href":"https:\/\/niveluno.com\/index.php\/wp-json\/wp\/v2\/posts"}],"about":[{"href":"https:\/\/niveluno.com\/index.php\/wp-json\/wp\/v2\/types\/post"}],"author":[{"embeddable":true,"href":"https:\/\/niveluno.com\/index.php\/wp-json\/wp\/v2\/users\/1"}],"replies":[{"embeddable":true,"href":"https:\/\/niveluno.com\/index.php\/wp-json\/wp\/v2\/comments?post=792"}],"version-history":[{"count":1,"href":"https:\/\/niveluno.com\/index.php\/wp-json\/wp\/v2\/posts\/792\/revisions"}],"predecessor-version":[{"id":794,"href":"https:\/\/niveluno.com\/index.php\/wp-json\/wp\/v2\/posts\/792\/revisions\/794"}],"wp:featuredmedia":[{"embeddable":true,"href":"https:\/\/niveluno.com\/index.php\/wp-json\/wp\/v2\/media\/793"}],"wp:attachment":[{"href":"https:\/\/niveluno.com\/index.php\/wp-json\/wp\/v2\/media?parent=792"}],"wp:term":[{"taxonomy":"category","embeddable":true,"href":"https:\/\/niveluno.com\/index.php\/wp-json\/wp\/v2\/categories?post=792"},{"taxonomy":"post_tag","embeddable":true,"href":"https:\/\/niveluno.com\/index.php\/wp-json\/wp\/v2\/tags?post=792"}],"curies":[{"name":"wp","href":"https:\/\/api.w.org\/{rel}","templated":true}]}}