{"id":782,"date":"2023-07-27T14:21:51","date_gmt":"2023-07-27T14:21:51","guid":{"rendered":"https:\/\/niveluno.com\/?p=782"},"modified":"2023-08-04T14:24:13","modified_gmt":"2023-08-04T14:24:13","slug":"firma-texcoco-covenio-con-colpos-para-impulsar-el-desarrollo-agricola-y-rural","status":"publish","type":"post","link":"https:\/\/niveluno.com\/index.php\/2023\/07\/27\/firma-texcoco-covenio-con-colpos-para-impulsar-el-desarrollo-agricola-y-rural\/","title":{"rendered":"Firma Texcoco covenio con ColPos para impulsar el desarrollo agr\u00edcola y rural"},"content":{"rendered":"<div class=\"group w-full text-token-text-primary border-b border-black\/10 dark:border-gray-900\/50 bg-gray-50 dark:bg-[#444654]\">\n<div class=\"flex p-4 gap-4 text-base md:gap-6 md:max-w-2xl lg:max-w-[38rem] xl:max-w-3xl md:py-6 lg:px-0 m-auto\">\n<div class=\"relative flex w-[calc(100%-50px)] flex-col gap-1 md:gap-3 lg:w-[calc(100%-115px)]\">\n<div class=\"flex flex-grow flex-col gap-3\">\n<div class=\"min-h-[20px] flex flex-col items-start gap-3 overflow-x-auto whitespace-pre-wrap break-words\">\n<div class=\"markdown prose w-full break-words dark:prose-invert light\">\n<p><strong>Texcoco, 27 de Julio de 2023.-<\/strong> El gobierno de Texcoco ha establecido un importante convenio de colaboraci\u00f3n con el Colegio de Postgraduados con el objetivo de coordinar esfuerzos para beneficiar a la comunidad estudiantil, acad\u00e9mica, administrativa y al sector agr\u00edcola del municipio. La firma de este acuerdo marca un hito en el compromiso de impulsar el desarrollo rural y agr\u00edcola de Texcoco, fortaleciendo as\u00ed la relaci\u00f3n entre la instituci\u00f3n educativa y el gobierno local.<\/p>\n<p>La ceremonia de firma del convenio cont\u00f3 con la presencia de destacadas figuras, incluyendo a la Presidenta Municipal de Texcoco, Sandra Luz Falc\u00f3n Venegas, el Director General del Colegio de Postgraduados, Juan Antonio Villanueva Jim\u00e9nez, y otros l\u00edderes municipales y directores de \u00e1reas del ayuntamiento.<\/p>\n<p>La presidenta municipal, Sandra Luz Falc\u00f3n Venegas, subray\u00f3 la importancia de este convenio que busca estrechar lazos entre la comunidad y la instituci\u00f3n educativa. Durante el evento, resalt\u00f3 que el acuerdo permitir\u00e1 dise\u00f1ar proyectos conjuntos que beneficien tanto al gobierno municipal como al Colegio de Postgraduados. Adem\u00e1s, enfatiz\u00f3 que esta colaboraci\u00f3n es un paso significativo, ya que es la primera vez que se establece un acercamiento de este tipo con el Colegio de Postgraduados para impulsar el desarrollo agr\u00edcola y rural en Texcoco.<\/p>\n<p>La alcaldesa destac\u00f3 la necesidad de apoyar el desarrollo del campo en Texcoco y mencion\u00f3 el potencial que tiene el municipio en \u00e1reas como la agricultura protegida y a cielo abierto, huertos familiares, huertos frutales, y m\u00e1s. Tambi\u00e9n hizo referencia a la importancia de cuidar \u00e1reas verdes y de rechazar los asentamientos irregulares y las unidades habitacionales de alto impacto.<\/p>\n<p>Por su parte, el Director General del Colegio de Postgraduados, Juan Antonio Villanueva Jim\u00e9nez, explic\u00f3 que este convenio tiene como objetivo generar, difundir y aplicar conocimientos para el manejo sustentable de los recursos naturales y la producci\u00f3n de alimentos en el municipio. El convenio contempla el desarrollo de proyectos piloto en \u00e1reas como la agricultura protegida y a cielo abierto, la ganader\u00eda, la acuicultura y la reforestaci\u00f3n.<\/p>\n<p>Este acuerdo de colaboraci\u00f3n entre el gobierno de Texcoco y el Colegio de Postgraduados representa un importante paso hacia el desarrollo sostenible y la mejora de las condiciones agr\u00edcolas y rurales en la regi\u00f3n<strong>. Por La Gu\u00eda de Barrio<\/strong><\/p>\n<\/div>\n<\/div>\n<\/div>\n<\/div>\n<\/div>\n<\/div>\n","protected":false},"excerpt":{"rendered":"<p>Texcoco, 27 de Julio de 2023.- El gobierno de Texcoco ha establecido un importante convenio de colaboraci\u00f3n con el Colegio de Postgraduados con el objetivo de coordinar esfuerzos para beneficiar a la comunidad estudiantil, acad\u00e9mica, administrativa y al sector agr\u00edcola del municipio. La firma de este acuerdo marca un hito en el compromiso de impulsar [&hellip;]<\/p>\n","protected":false},"author":1,"featured_media":783,"comment_status":"open","ping_status":"open","sticky":false,"template":"","format":"standard","meta":{"om_disable_all_campaigns":false,"_monsterinsights_skip_tracking":false,"_monsterinsights_sitenote_active":false,"_monsterinsights_sitenote_note":"","_monsterinsights_sitenote_category":0,"_uf_show_specific_survey":0,"_uf_disable_surveys":false,"amp_status":""},"categories":[173],"tags":[352,351,348,349,350,354,60,353,174,175],"aioseo_notices":[],"_links":{"self":[{"href":"https:\/\/niveluno.com\/index.php\/wp-json\/wp\/v2\/posts\/782"}],"collection":[{"href":"https:\/\/niveluno.com\/index.php\/wp-json\/wp\/v2\/posts"}],"about":[{"href":"https:\/\/niveluno.com\/index.php\/wp-json\/wp\/v2\/types\/post"}],"author":[{"embeddable":true,"href":"https:\/\/niveluno.com\/index.php\/wp-json\/wp\/v2\/users\/1"}],"replies":[{"embeddable":true,"href":"https:\/\/niveluno.com\/index.php\/wp-json\/wp\/v2\/comments?post=782"}],"version-history":[{"count":1,"href":"https:\/\/niveluno.com\/index.php\/wp-json\/wp\/v2\/posts\/782\/revisions"}],"predecessor-version":[{"id":784,"href":"https:\/\/niveluno.com\/index.php\/wp-json\/wp\/v2\/posts\/782\/revisions\/784"}],"wp:featuredmedia":[{"embeddable":true,"href":"https:\/\/niveluno.com\/index.php\/wp-json\/wp\/v2\/media\/783"}],"wp:attachment":[{"href":"https:\/\/niveluno.com\/index.php\/wp-json\/wp\/v2\/media?parent=782"}],"wp:term":[{"taxonomy":"category","embeddable":true,"href":"https:\/\/niveluno.com\/index.php\/wp-json\/wp\/v2\/categories?post=782"},{"taxonomy":"post_tag","embeddable":true,"href":"https:\/\/niveluno.com\/index.php\/wp-json\/wp\/v2\/tags?post=782"}],"curies":[{"name":"wp","href":"https:\/\/api.w.org\/{rel}","templated":true}]}}