{"id":721,"date":"2023-06-15T12:48:29","date_gmt":"2023-06-15T12:48:29","guid":{"rendered":"https:\/\/niveluno.com\/?p=721"},"modified":"2023-07-16T12:51:18","modified_gmt":"2023-07-16T12:51:18","slug":"realizan-trabajos-de-emergencia-en-texcoco-para-evitar-socavon-en-la-calle-16-de-septiembre","status":"publish","type":"post","link":"https:\/\/niveluno.com\/index.php\/2023\/06\/15\/realizan-trabajos-de-emergencia-en-texcoco-para-evitar-socavon-en-la-calle-16-de-septiembre\/","title":{"rendered":"Realizan trabajos de emergencia en Texcoco para evitar socav\u00f3n en la calle 16 de Septiembre"},"content":{"rendered":"<p><strong>Texcoco, Edom\u00e9x. Junio 15, 2023.- <\/strong>La Direcci\u00f3n de Agua Potable y Alcantarillado del Ayuntamiento de Texcoco llev\u00f3 a cabo labores de urgencia para reemplazar una tuber\u00eda en la calle 16 de Septiembre, donde se identific\u00f3 el riesgo de formaci\u00f3n de un socav\u00f3n.<\/p>\n<p>El director de Agua Potable y Alcantarillado, Arnulfo Silva Adaya, inform\u00f3 que, tras recibir reportes de problemas en la red de drenaje en la mencionada calle, entre Morelos y Nezahualc\u00f3yotl, en el coraz\u00f3n de Texcoco, se procedi\u00f3 a realizar una inspecci\u00f3n. Durante la revisi\u00f3n, se descubri\u00f3 un tramo de 16 metros de tuber\u00eda colapsada que presentaba el peligro inminente de provocar un socav\u00f3n, ya que el agua no ten\u00eda una salida adecuada.<\/p>\n<p>De inmediato, se notific\u00f3 a la presidenta municipal, Sandra Luz Falc\u00f3n Venegas, quien autoriz\u00f3 el inicio de los trabajos de sustituci\u00f3n de la tuber\u00eda con el objetivo de prevenir problemas mayores.<\/p>\n<p>Dado que se trat\u00f3 de una reparaci\u00f3n en una v\u00eda primaria de Texcoco, se emiti\u00f3 una alerta a trav\u00e9s de las redes sociales sobre el cierre de la calle, con el prop\u00f3sito de informar a los ciudadanos y minimizar las molestias causadas por esta medida preventiva, considerando que el agua residual no ten\u00eda una salida adecuada.<\/p>\n<p>La presidenta municipal, Sandra Luz Falc\u00f3n, solicit\u00f3 la comprensi\u00f3n de las texcocanas y texcocanos respecto al cierre de la vialidad, destacando que se trata del bienestar de todos los ciudadanos y la seguridad de la comunidad. Por <strong>La Gu\u00eda de Barrio<\/strong><\/p>\n<p>&nbsp;<\/p>\n","protected":false},"excerpt":{"rendered":"<p>Texcoco, Edom\u00e9x. Junio 15, 2023.- La Direcci\u00f3n de Agua Potable y Alcantarillado del Ayuntamiento de Texcoco llev\u00f3 a cabo labores de urgencia para reemplazar una tuber\u00eda en la calle 16 de Septiembre, donde se identific\u00f3 el riesgo de formaci\u00f3n de un socav\u00f3n. El director de Agua Potable y Alcantarillado, Arnulfo Silva Adaya, inform\u00f3 que, tras [&hellip;]<\/p>\n","protected":false},"author":1,"featured_media":723,"comment_status":"open","ping_status":"open","sticky":false,"template":"","format":"standard","meta":{"om_disable_all_campaigns":false,"_monsterinsights_skip_tracking":false,"_monsterinsights_sitenote_active":false,"_monsterinsights_sitenote_note":"","_monsterinsights_sitenote_category":0,"_uf_show_specific_survey":0,"_uf_disable_surveys":false,"amp_status":""},"categories":[173],"tags":[295],"aioseo_notices":[],"_links":{"self":[{"href":"https:\/\/niveluno.com\/index.php\/wp-json\/wp\/v2\/posts\/721"}],"collection":[{"href":"https:\/\/niveluno.com\/index.php\/wp-json\/wp\/v2\/posts"}],"about":[{"href":"https:\/\/niveluno.com\/index.php\/wp-json\/wp\/v2\/types\/post"}],"author":[{"embeddable":true,"href":"https:\/\/niveluno.com\/index.php\/wp-json\/wp\/v2\/users\/1"}],"replies":[{"embeddable":true,"href":"https:\/\/niveluno.com\/index.php\/wp-json\/wp\/v2\/comments?post=721"}],"version-history":[{"count":1,"href":"https:\/\/niveluno.com\/index.php\/wp-json\/wp\/v2\/posts\/721\/revisions"}],"predecessor-version":[{"id":722,"href":"https:\/\/niveluno.com\/index.php\/wp-json\/wp\/v2\/posts\/721\/revisions\/722"}],"wp:featuredmedia":[{"embeddable":true,"href":"https:\/\/niveluno.com\/index.php\/wp-json\/wp\/v2\/media\/723"}],"wp:attachment":[{"href":"https:\/\/niveluno.com\/index.php\/wp-json\/wp\/v2\/media?parent=721"}],"wp:term":[{"taxonomy":"category","embeddable":true,"href":"https:\/\/niveluno.com\/index.php\/wp-json\/wp\/v2\/categories?post=721"},{"taxonomy":"post_tag","embeddable":true,"href":"https:\/\/niveluno.com\/index.php\/wp-json\/wp\/v2\/tags?post=721"}],"curies":[{"name":"wp","href":"https:\/\/api.w.org\/{rel}","templated":true}]}}