{"id":712,"date":"2023-06-07T12:31:53","date_gmt":"2023-06-07T12:31:53","guid":{"rendered":"https:\/\/niveluno.com\/?p=712"},"modified":"2023-07-16T12:36:03","modified_gmt":"2023-07-16T12:36:03","slug":"vigesima-primera-sesion-ordinaria-del-infoem-se-lleva-a-cabo-en-texcoco","status":"publish","type":"post","link":"https:\/\/niveluno.com\/index.php\/2023\/06\/07\/vigesima-primera-sesion-ordinaria-del-infoem-se-lleva-a-cabo-en-texcoco\/","title":{"rendered":"Vig\u00e9sima Primera Sesi\u00f3n Ordinaria del INFOEM se lleva a cabo en Texcoco"},"content":{"rendered":"<p><strong>Texcoco, Edom\u00e9x. Junio 7, 2023.- <\/strong>En las instalaciones de la presidencia municipal de Texcoco se celebr\u00f3 la Vig\u00e9sima Primera Sesi\u00f3n Ordinaria del Instituto de Transparencia, Acceso a la Informaci\u00f3n P\u00fablica y Protecci\u00f3n de Datos del Estado de M\u00e9xico y Municipios (INFOEM). La sala de cabildos fue el escenario donde autoridades municipales y representantes del propio instituto se congregaron.<\/p>\n<div class=\"group w-full text-gray-800 dark:text-gray-100 border-b border-black\/10 dark:border-gray-900\/50 bg-gray-50 dark:bg-[#444654]\">\n<div class=\"flex p-4 gap-4 text-base md:gap-6 md:max-w-2xl lg:max-w-[38rem] xl:max-w-3xl md:py-6 lg:px-0 m-auto\">\n<div class=\"relative flex w-[calc(100%-50px)] flex-col gap-1 md:gap-3 lg:w-[calc(100%-115px)]\">\n<div class=\"flex flex-grow flex-col gap-3\">\n<div class=\"min-h-[20px] flex items-start overflow-x-auto whitespace-pre-wrap break-words flex-col gap-4\">\n<div class=\"markdown prose w-full break-words dark:prose-invert light\">\n<p>La bienvenida estuvo a cargo del secretario del ayuntamiento, Lic. Ad\u00e1n Gordo Ram\u00edrez, en representaci\u00f3n de la presidenta municipal, Sandra Luz Falc\u00f3n Venegas. Durante su intervenci\u00f3n, el secretario agradeci\u00f3 a los presentes por llevar a cabo esta asamblea, destacando la importancia de la transparencia en el municipio.<\/p>\n<p>El Lic. Jos\u00e9 Mart\u00ednez Vilchis, presidente del INFOEM, encabez\u00f3 la sesi\u00f3n y expres\u00f3 su agradecimiento a las autoridades presentes por permitir la realizaci\u00f3n de este tipo de reuniones, las cuales promueven la transparencia y el acceso a la informaci\u00f3n para los habitantes del Estado de M\u00e9xico. Adem\u00e1s, manifest\u00f3 su orgullo por estar en tierras Acolhuas.<\/p>\n<p>En la sesi\u00f3n tambi\u00e9n estuvieron presentes y participaron los comisionados del Instituto de Transparencia, Acceso a la Informaci\u00f3n P\u00fablica y Protecci\u00f3n de Datos Personales del Estado de M\u00e9xico y Municipios: Ma. Del Rosario Mej\u00eda Ayala, Sharon Morales Mart\u00ednez, Luis Gustavo Parra Noriega (a trav\u00e9s de Zoom) y Guadalupe Ram\u00edrez Pe\u00f1a.<\/p>\n<p>Cabe destacar que uno de los puntos tratados en la asamblea fue la aprobaci\u00f3n de la convocatoria para el primer concurso de grafiti por parte del instituto.<\/p>\n<p>Adem\u00e1s, asistieron la Lic. Mirian S\u00e1nchez Monsalvo, Directora de Planeaci\u00f3n y Mejora de Regulaci\u00f3n en Materia de Transparencia, y Rene Tinoco Sandoval, titular de Transparencia del municipio, junto con otras autoridades municipales. <strong>Por La Gu\u00eda de Barrio<\/strong><\/p>\n<\/div>\n<\/div>\n<\/div>\n<\/div>\n<\/div>\n<\/div>\n","protected":false},"excerpt":{"rendered":"<p>Texcoco, Edom\u00e9x. Junio 7, 2023.- En las instalaciones de la presidencia municipal de Texcoco se celebr\u00f3 la Vig\u00e9sima Primera Sesi\u00f3n Ordinaria del Instituto de Transparencia, Acceso a la Informaci\u00f3n P\u00fablica y Protecci\u00f3n de Datos del Estado de M\u00e9xico y Municipios (INFOEM). La sala de cabildos fue el escenario donde autoridades municipales y representantes del propio [&hellip;]<\/p>\n","protected":false},"author":1,"featured_media":713,"comment_status":"open","ping_status":"open","sticky":false,"template":"","format":"standard","meta":{"om_disable_all_campaigns":false,"_monsterinsights_skip_tracking":false,"_monsterinsights_sitenote_active":false,"_monsterinsights_sitenote_note":"","_monsterinsights_sitenote_category":0,"_uf_show_specific_survey":0,"_uf_disable_surveys":false,"amp_status":""},"categories":[173],"tags":[292],"aioseo_notices":[],"_links":{"self":[{"href":"https:\/\/niveluno.com\/index.php\/wp-json\/wp\/v2\/posts\/712"}],"collection":[{"href":"https:\/\/niveluno.com\/index.php\/wp-json\/wp\/v2\/posts"}],"about":[{"href":"https:\/\/niveluno.com\/index.php\/wp-json\/wp\/v2\/types\/post"}],"author":[{"embeddable":true,"href":"https:\/\/niveluno.com\/index.php\/wp-json\/wp\/v2\/users\/1"}],"replies":[{"embeddable":true,"href":"https:\/\/niveluno.com\/index.php\/wp-json\/wp\/v2\/comments?post=712"}],"version-history":[{"count":1,"href":"https:\/\/niveluno.com\/index.php\/wp-json\/wp\/v2\/posts\/712\/revisions"}],"predecessor-version":[{"id":714,"href":"https:\/\/niveluno.com\/index.php\/wp-json\/wp\/v2\/posts\/712\/revisions\/714"}],"wp:featuredmedia":[{"embeddable":true,"href":"https:\/\/niveluno.com\/index.php\/wp-json\/wp\/v2\/media\/713"}],"wp:attachment":[{"href":"https:\/\/niveluno.com\/index.php\/wp-json\/wp\/v2\/media?parent=712"}],"wp:term":[{"taxonomy":"category","embeddable":true,"href":"https:\/\/niveluno.com\/index.php\/wp-json\/wp\/v2\/categories?post=712"},{"taxonomy":"post_tag","embeddable":true,"href":"https:\/\/niveluno.com\/index.php\/wp-json\/wp\/v2\/tags?post=712"}],"curies":[{"name":"wp","href":"https:\/\/api.w.org\/{rel}","templated":true}]}}