{"id":478,"date":"2023-02-02T17:42:19","date_gmt":"2023-02-02T17:42:19","guid":{"rendered":"https:\/\/niveluno.com\/?p=478"},"modified":"2023-02-23T17:42:45","modified_gmt":"2023-02-23T17:42:45","slug":"comparten-en-mercados-de-texcoco-tamales-por-candelaria","status":"publish","type":"post","link":"https:\/\/niveluno.com\/index.php\/2023\/02\/02\/comparten-en-mercados-de-texcoco-tamales-por-candelaria\/","title":{"rendered":"Comparten en mercados de Texcoco tamales por Candelaria"},"content":{"rendered":"<p><strong>Texcoco, Edomex. 2 de febrero, 2023.-<\/strong> Para promover el consumo local y conservar las tradiciones mexicanas el gobierno municipal de Texcoco acude a plazas comerciales por el \u201cD\u00eda de La Candelaria\u201d, invitando a la degustaci\u00f3n de tamales como una paga para quien parti\u00f3 la rosca y le sali\u00f3 el ni\u00f1o.<\/p>\n<p>Desde temprano la presidenta municipal de Texcoco, Sandra Luz Falc\u00f3n Venegas, regidores, el director de Seguridad P\u00fablica y Movilidad Adri\u00e1n Tr\u00e1pala Gonz\u00e1lez, la directora de desarrollo Econ\u00f3mico Arleny Alena Soria Gonz\u00e1lez V\u00e9lez y el Diputado Local, Nazario Guti\u00e9rrez Mart\u00ednez, visitaron el mercado municipal \u201cSan Antonio\u201d, en donde los integrantes de la mesa directiva ya ten\u00edan preparada \u201cla tamaliza\u201d.<\/p>\n<p>De verde, rajas, de dulce y tambi\u00e9n de mole los tamales fueron compartidos entre los presentes y para quien iba pasando a realizar su \u201cmandado\u201d en un lugar c\u00e9ntrico y con gran variedad de productos a bajos costos, ah\u00ed la presidenta municipal de Texcoco, Sandra Luz Falc\u00f3n Venegas y el Diputado Local, Nazario Guti\u00e9rrez Mart\u00ednez agradecieron el recibimiento de los locatarios.<\/p>\n<p>Posteriormente los integrantes del \u00f3rgano de gobierno municipal llegaron al Mercado de \u201cLas V\u00edas\u201d y luego de recorrer la zona de ventas, la alcaldesa municipal, Sandra Luz Falc\u00f3n Venegas degust\u00f3 tamales con los locatarios.<\/p>\n<p>En el Mercado municipal \u201cBelisario Dom\u00ednguez\u201d camino por los locales, en la zona de comidas y en la venta de flores pudo apreciar la gran afluencia de texcocanos con sus compras para llevar a los hogares, en donde ofreci\u00f3 tamales a locatarios y al p\u00fablico en general.<\/p>\n<p>La presidenta municipal de Texcoco, Sandra Luz Falc\u00f3n Venegas, el diputado Local, Nazario Guti\u00e9rrez Mart\u00ednez saludaron a los integrantes de la Plaza de las tradiciones, en donde asistieron a la misa y para compartir los alimentos, en donde destaca la venta de vestimenta de ni\u00f1o Dios, por lo que este d\u00eda tuvieron mucha asistencia de familias texcocanas que buscan variedad de vestuarios para sus ni\u00f1os.<\/p>\n<p>Sandra Luz Falc\u00f3n mostr\u00f3 su orgullo por las tradiciones muy texcocanas de llevar este d\u00eda al ni\u00f1o Dios a bendecir a las iglesias del municipio, con los diferentes vestidos que son parte de estos usos u costumbres. <strong>Por Redacci\u00f3n.<\/strong><\/p>\n","protected":false},"excerpt":{"rendered":"<p>Texcoco, Edomex. 2 de febrero, 2023.- Para promover el consumo local y conservar las tradiciones mexicanas el gobierno municipal de Texcoco acude a plazas comerciales por el \u201cD\u00eda de La Candelaria\u201d, invitando a la degustaci\u00f3n de tamales como una paga para quien parti\u00f3 la rosca y le sali\u00f3 el ni\u00f1o. Desde temprano la presidenta municipal [&hellip;]<\/p>\n","protected":false},"author":1,"featured_media":479,"comment_status":"open","ping_status":"open","sticky":false,"template":"","format":"standard","meta":{"om_disable_all_campaigns":false,"_monsterinsights_skip_tracking":false,"_monsterinsights_sitenote_active":false,"_monsterinsights_sitenote_note":"","_monsterinsights_sitenote_category":0,"_uf_show_specific_survey":0,"_uf_disable_surveys":false,"amp_status":""},"categories":[173],"tags":[],"aioseo_notices":[],"_links":{"self":[{"href":"https:\/\/niveluno.com\/index.php\/wp-json\/wp\/v2\/posts\/478"}],"collection":[{"href":"https:\/\/niveluno.com\/index.php\/wp-json\/wp\/v2\/posts"}],"about":[{"href":"https:\/\/niveluno.com\/index.php\/wp-json\/wp\/v2\/types\/post"}],"author":[{"embeddable":true,"href":"https:\/\/niveluno.com\/index.php\/wp-json\/wp\/v2\/users\/1"}],"replies":[{"embeddable":true,"href":"https:\/\/niveluno.com\/index.php\/wp-json\/wp\/v2\/comments?post=478"}],"version-history":[{"count":1,"href":"https:\/\/niveluno.com\/index.php\/wp-json\/wp\/v2\/posts\/478\/revisions"}],"predecessor-version":[{"id":480,"href":"https:\/\/niveluno.com\/index.php\/wp-json\/wp\/v2\/posts\/478\/revisions\/480"}],"wp:featuredmedia":[{"embeddable":true,"href":"https:\/\/niveluno.com\/index.php\/wp-json\/wp\/v2\/media\/479"}],"wp:attachment":[{"href":"https:\/\/niveluno.com\/index.php\/wp-json\/wp\/v2\/media?parent=478"}],"wp:term":[{"taxonomy":"category","embeddable":true,"href":"https:\/\/niveluno.com\/index.php\/wp-json\/wp\/v2\/categories?post=478"},{"taxonomy":"post_tag","embeddable":true,"href":"https:\/\/niveluno.com\/index.php\/wp-json\/wp\/v2\/tags?post=478"}],"curies":[{"name":"wp","href":"https:\/\/api.w.org\/{rel}","templated":true}]}}