{"id":1922,"date":"2024-04-02T15:11:12","date_gmt":"2024-04-02T15:11:12","guid":{"rendered":"https:\/\/niveluno.com\/?p=1922"},"modified":"2024-04-02T15:11:12","modified_gmt":"2024-04-02T15:11:12","slug":"lopez-obrador-retoma-dialogo-con-la-cnte-tras-tres-anos","status":"publish","type":"post","link":"https:\/\/niveluno.com\/index.php\/2024\/04\/02\/lopez-obrador-retoma-dialogo-con-la-cnte-tras-tres-anos\/","title":{"rendered":"L\u00f3pez Obrador retoma di\u00e1logo con la CNTE tras tres a\u00f1os"},"content":{"rendered":"<p>Tras poco m\u00e1s de tres a\u00f1os de interrupci\u00f3n, el presidente Andr\u00e9s Manuel L\u00f3pez Obrador se reuni\u00f3 nuevamente con dirigentes de la Coordinadora Nacional de Trabajadores de la Educaci\u00f3n (CNTE) para retomar la agenda suspendida desde diciembre de 2020. La reuni\u00f3n estuvo marcada por demandas magisteriales y divergencias entre ambas partes.<\/p>\n<p>Entre las principales demandas del magisterio destacan la cancelaci\u00f3n definitiva de la reforma educativa de Enrique Pe\u00f1a Nieto, la reinstalaci\u00f3n de 171 maestros cesados y poner fin al r\u00e9gimen laboral de excepci\u00f3n en el que se encuentra el gremio docente.<\/p>\n<p>Aunque la reuni\u00f3n se llev\u00f3 a cabo en buenos t\u00e9rminos, hubo se\u00f1alamientos cruzados. Acordaron trabajar dos semanas en la revisi\u00f3n de la agenda para una pr\u00f3xima reuni\u00f3n el 15 de abril, fecha en la que la CNTE mantendr\u00e1 su paro nacional de 24 horas.<\/p>\n<p>Seg\u00fan los maestros, L\u00f3pez Obrador reconoci\u00f3 que ya no hay tiempo para abrogar la reforma educativa pasada, a pesar de su promesa de campa\u00f1a. Sin embargo, se estableci\u00f3 una ruta de trabajo que incluye reuniones con funcionarios de diversas dependencias.<\/p>\n<p>La CNTE present\u00f3 una serie de demandas que incluyen respeto al movimiento magisterial democr\u00e1tico, abrogaci\u00f3n de la reforma educativa, estabilidad laboral, aumento salarial y diversas exigencias sociales.<\/p>\n<p>Al t\u00e9rmino del encuentro, Pedro Hern\u00e1ndez, dirigente de la secci\u00f3n IX de la CNTE, destac\u00f3 la importancia de la reinstalaci\u00f3n de maestros cesados y reiter\u00f3 la postura apol\u00edtica de la coordinadora.<\/p>\n","protected":false},"excerpt":{"rendered":"<p>Tras poco m\u00e1s de tres a\u00f1os de interrupci\u00f3n, el presidente Andr\u00e9s Manuel L\u00f3pez Obrador se reuni\u00f3 nuevamente con dirigentes de la Coordinadora Nacional de Trabajadores de la Educaci\u00f3n (CNTE) para retomar la agenda suspendida desde diciembre de 2020. La reuni\u00f3n estuvo marcada por demandas magisteriales y divergencias entre ambas partes. Entre las principales demandas del [&hellip;]<\/p>\n","protected":false},"author":3,"featured_media":1923,"comment_status":"open","ping_status":"open","sticky":false,"template":"","format":"standard","meta":{"om_disable_all_campaigns":false,"_monsterinsights_skip_tracking":false,"_monsterinsights_sitenote_active":false,"_monsterinsights_sitenote_note":"","_monsterinsights_sitenote_category":0,"_uf_show_specific_survey":0,"_uf_disable_surveys":false,"amp_status":""},"categories":[541],"tags":[1457,275,985,1459,1458],"aioseo_notices":[],"_links":{"self":[{"href":"https:\/\/niveluno.com\/index.php\/wp-json\/wp\/v2\/posts\/1922"}],"collection":[{"href":"https:\/\/niveluno.com\/index.php\/wp-json\/wp\/v2\/posts"}],"about":[{"href":"https:\/\/niveluno.com\/index.php\/wp-json\/wp\/v2\/types\/post"}],"author":[{"embeddable":true,"href":"https:\/\/niveluno.com\/index.php\/wp-json\/wp\/v2\/users\/3"}],"replies":[{"embeddable":true,"href":"https:\/\/niveluno.com\/index.php\/wp-json\/wp\/v2\/comments?post=1922"}],"version-history":[{"count":1,"href":"https:\/\/niveluno.com\/index.php\/wp-json\/wp\/v2\/posts\/1922\/revisions"}],"predecessor-version":[{"id":1924,"href":"https:\/\/niveluno.com\/index.php\/wp-json\/wp\/v2\/posts\/1922\/revisions\/1924"}],"wp:featuredmedia":[{"embeddable":true,"href":"https:\/\/niveluno.com\/index.php\/wp-json\/wp\/v2\/media\/1923"}],"wp:attachment":[{"href":"https:\/\/niveluno.com\/index.php\/wp-json\/wp\/v2\/media?parent=1922"}],"wp:term":[{"taxonomy":"category","embeddable":true,"href":"https:\/\/niveluno.com\/index.php\/wp-json\/wp\/v2\/categories?post=1922"},{"taxonomy":"post_tag","embeddable":true,"href":"https:\/\/niveluno.com\/index.php\/wp-json\/wp\/v2\/tags?post=1922"}],"curies":[{"name":"wp","href":"https:\/\/api.w.org\/{rel}","templated":true}]}}