{"id":1904,"date":"2024-04-01T20:16:21","date_gmt":"2024-04-01T20:16:21","guid":{"rendered":"https:\/\/niveluno.com\/?p=1904"},"modified":"2024-04-01T20:16:44","modified_gmt":"2024-04-01T20:16:44","slug":"manifestantes-en-otumba-exigen-ayuda-para-combatir-incendios-forestales","status":"publish","type":"post","link":"https:\/\/niveluno.com\/index.php\/2024\/04\/01\/manifestantes-en-otumba-exigen-ayuda-para-combatir-incendios-forestales\/","title":{"rendered":"Manifestantes en Otumba exigen ayuda para combatir incendios forestales"},"content":{"rendered":"<p>Habitantes del municipio de Otumba, en el Estado de M\u00e9xico, llevaron a cabo una protesta frente al Palacio Municipal esta ma\u00f1ana, prendiendo fuego en el acceso principal como medida de presi\u00f3n. La manifestaci\u00f3n tiene como objetivo solicitar a las autoridades agua, equipo especializado y personal para controlar los incendios que azotan la regi\u00f3n desde hace cinco d\u00edas.<\/p>\n<p>Los pobladores, provenientes de comunidades como Buenavista, San Marcos Tlaxuchilco y Ahuatepec, denunciaron la falta de apoyo del presidente municipal Hiliarion Coronel Lemus en la lucha contra los incendios forestales que afectan la zona.<\/p>\n<p>En la protesta, exigieron la entrega de equipo especializado, provisiones y personal para combatir los incendios que han puesto en peligro sus comunidades. Seg\u00fan la Protectora de Bosques, hasta el momento hay seis incendios activos en el Estado de M\u00e9xico, siendo Otumba uno de los municipios afectados.<\/p>\n<p>El comisariado ejidal revel\u00f3 que solicitaron una m\u00e1quina para crear brechas cortafuego en varias ocasiones, pero les fue negada. Adem\u00e1s, se\u00f1al\u00f3 que los pobladores estaban extremadamente molestos la noche del domingo, y fue hasta las primeras horas del lunes que algunas autoridades municipales se comunicaron para ofrecer su apoyo.<\/p>\n","protected":false},"excerpt":{"rendered":"<p>Habitantes del municipio de Otumba, en el Estado de M\u00e9xico, llevaron a cabo una protesta frente al Palacio Municipal esta ma\u00f1ana, prendiendo fuego en el acceso principal como medida de presi\u00f3n. La manifestaci\u00f3n tiene como objetivo solicitar a las autoridades agua, equipo especializado y personal para controlar los incendios que azotan la regi\u00f3n desde hace [&hellip;]<\/p>\n","protected":false},"author":3,"featured_media":1905,"comment_status":"open","ping_status":"open","sticky":false,"template":"","format":"standard","meta":{"om_disable_all_campaigns":false,"_monsterinsights_skip_tracking":false,"_monsterinsights_sitenote_active":false,"_monsterinsights_sitenote_note":"","_monsterinsights_sitenote_category":0,"_uf_show_specific_survey":0,"_uf_disable_surveys":false,"amp_status":""},"categories":[503],"tags":[1448,277,1295,1039,1447],"aioseo_notices":[],"_links":{"self":[{"href":"https:\/\/niveluno.com\/index.php\/wp-json\/wp\/v2\/posts\/1904"}],"collection":[{"href":"https:\/\/niveluno.com\/index.php\/wp-json\/wp\/v2\/posts"}],"about":[{"href":"https:\/\/niveluno.com\/index.php\/wp-json\/wp\/v2\/types\/post"}],"author":[{"embeddable":true,"href":"https:\/\/niveluno.com\/index.php\/wp-json\/wp\/v2\/users\/3"}],"replies":[{"embeddable":true,"href":"https:\/\/niveluno.com\/index.php\/wp-json\/wp\/v2\/comments?post=1904"}],"version-history":[{"count":2,"href":"https:\/\/niveluno.com\/index.php\/wp-json\/wp\/v2\/posts\/1904\/revisions"}],"predecessor-version":[{"id":1907,"href":"https:\/\/niveluno.com\/index.php\/wp-json\/wp\/v2\/posts\/1904\/revisions\/1907"}],"wp:featuredmedia":[{"embeddable":true,"href":"https:\/\/niveluno.com\/index.php\/wp-json\/wp\/v2\/media\/1905"}],"wp:attachment":[{"href":"https:\/\/niveluno.com\/index.php\/wp-json\/wp\/v2\/media?parent=1904"}],"wp:term":[{"taxonomy":"category","embeddable":true,"href":"https:\/\/niveluno.com\/index.php\/wp-json\/wp\/v2\/categories?post=1904"},{"taxonomy":"post_tag","embeddable":true,"href":"https:\/\/niveluno.com\/index.php\/wp-json\/wp\/v2\/tags?post=1904"}],"curies":[{"name":"wp","href":"https:\/\/api.w.org\/{rel}","templated":true}]}}