{"id":1852,"date":"2024-03-30T12:54:04","date_gmt":"2024-03-30T12:54:04","guid":{"rendered":"https:\/\/niveluno.com\/?p=1852"},"modified":"2024-03-30T12:54:04","modified_gmt":"2024-03-30T12:54:04","slug":"padres-de-belinda-hablan-sobre-su-salud-y-evaden-preguntas-sobre-relaciones-sentimentales","status":"publish","type":"post","link":"https:\/\/niveluno.com\/index.php\/2024\/03\/30\/padres-de-belinda-hablan-sobre-su-salud-y-evaden-preguntas-sobre-relaciones-sentimentales\/","title":{"rendered":"Padres de Belinda hablan sobre su salud y evaden preguntas sobre relaciones sentimentales"},"content":{"rendered":"<p>En las \u00faltimas semanas, la reconocida cantante y actriz Belinda ha acaparado los titulares del mundo del espect\u00e1culo debido a problemas de salud que la han llevado a cancelar varias de sus presentaciones. Recientemente, sus padres ofrecieron declaraciones sobre el estado de salud de la artista frente a las c\u00e1maras de televisi\u00f3n.<\/p>\n<p>La madre de Belinda inform\u00f3 que la cantante se encuentra en proceso de recuperaci\u00f3n despu\u00e9s de haber sido sometida a una intervenci\u00f3n quir\u00fargica de emergencia. Hasta el momento, se desconocen los detalles espec\u00edficos que llevaron a la cirug\u00eda.<\/p>\n<p>En una entrevista compartida por el programa de espect\u00e1culos &#8220;La Mesa Caliente&#8221;, Ignacio Peregr\u00edn, padre de Belinda, fue cuestionado sobre las relaciones sentimentales de su hija, en particular las declaraciones recientes de Lupillo Rivera, quien mencion\u00f3 que a\u00fan &#8220;extra\u00f1a&#8221; a la cantante tras su pol\u00e9mica relaci\u00f3n. Ignacio Peregr\u00edn asegur\u00f3 que no pod\u00eda hablar sobre ese tema y simplemente dese\u00f3 lo mejor.<\/p>\n<p>Adem\u00e1s, ante las preguntas sobre Christian Nodal, ex prometido de Belinda, el empresario reiter\u00f3 su deseo de que el cantante sea muy feliz y le vaya bien, neg\u00e1ndose a ofrecer m\u00e1s detalles al respecto.<\/p>\n","protected":false},"excerpt":{"rendered":"<p>En las \u00faltimas semanas, la reconocida cantante y actriz Belinda ha acaparado los titulares del mundo del espect\u00e1culo debido a problemas de salud que la han llevado a cancelar varias de sus presentaciones. Recientemente, sus padres ofrecieron declaraciones sobre el estado de salud de la artista frente a las c\u00e1maras de televisi\u00f3n. La madre de [&hellip;]<\/p>\n","protected":false},"author":3,"featured_media":1853,"comment_status":"open","ping_status":"open","sticky":false,"template":"","format":"standard","meta":{"om_disable_all_campaigns":false,"_monsterinsights_skip_tracking":false,"_monsterinsights_sitenote_active":false,"_monsterinsights_sitenote_note":"","_monsterinsights_sitenote_category":0,"_uf_show_specific_survey":0,"_uf_disable_surveys":false,"amp_status":""},"categories":[181],"tags":[1403,1404,1407,1406,1405,644],"aioseo_notices":[],"_links":{"self":[{"href":"https:\/\/niveluno.com\/index.php\/wp-json\/wp\/v2\/posts\/1852"}],"collection":[{"href":"https:\/\/niveluno.com\/index.php\/wp-json\/wp\/v2\/posts"}],"about":[{"href":"https:\/\/niveluno.com\/index.php\/wp-json\/wp\/v2\/types\/post"}],"author":[{"embeddable":true,"href":"https:\/\/niveluno.com\/index.php\/wp-json\/wp\/v2\/users\/3"}],"replies":[{"embeddable":true,"href":"https:\/\/niveluno.com\/index.php\/wp-json\/wp\/v2\/comments?post=1852"}],"version-history":[{"count":1,"href":"https:\/\/niveluno.com\/index.php\/wp-json\/wp\/v2\/posts\/1852\/revisions"}],"predecessor-version":[{"id":1854,"href":"https:\/\/niveluno.com\/index.php\/wp-json\/wp\/v2\/posts\/1852\/revisions\/1854"}],"wp:featuredmedia":[{"embeddable":true,"href":"https:\/\/niveluno.com\/index.php\/wp-json\/wp\/v2\/media\/1853"}],"wp:attachment":[{"href":"https:\/\/niveluno.com\/index.php\/wp-json\/wp\/v2\/media?parent=1852"}],"wp:term":[{"taxonomy":"category","embeddable":true,"href":"https:\/\/niveluno.com\/index.php\/wp-json\/wp\/v2\/categories?post=1852"},{"taxonomy":"post_tag","embeddable":true,"href":"https:\/\/niveluno.com\/index.php\/wp-json\/wp\/v2\/tags?post=1852"}],"curies":[{"name":"wp","href":"https:\/\/api.w.org\/{rel}","templated":true}]}}