{"id":1821,"date":"2024-03-29T15:10:03","date_gmt":"2024-03-29T15:10:03","guid":{"rendered":"https:\/\/niveluno.com\/?p=1821"},"modified":"2024-03-29T15:10:03","modified_gmt":"2024-03-29T15:10:03","slug":"vibrante-celebracion-musical-en-mazatlan-con-60-bandas-regionales-al-unisono","status":"publish","type":"post","link":"https:\/\/niveluno.com\/index.php\/2024\/03\/29\/vibrante-celebracion-musical-en-mazatlan-con-60-bandas-regionales-al-unisono\/","title":{"rendered":"Vibrante celebraci\u00f3n musical en Mazatl\u00e1n con 60 bandas regionales al un\u00edsono"},"content":{"rendered":"<p>La noche del jueves, el puerto de Mazatl\u00e1n se visti\u00f3 de fiesta con una vibrante celebraci\u00f3n musical, en la que al menos 60 bandas regionales tocaron al un\u00edsono, llenando las calles de alegr\u00eda y ritmo. Tras llegar a acuerdos con las autoridades locales, los m\u00fasicos regresaron a las calles con entusiasmo y determinaci\u00f3n para festejar.<\/p>\n<p>Los j\u00f3venes se congregaron alrededor de las bandas norte\u00f1as, disfrutando de los ritmos contagiosos, mientras que las parejas encontraron en la m\u00fasica una raz\u00f3n para mantenerse unidas, optando por permanecer cerca. Durante casi tres horas, el poderoso sonido de la banda reson\u00f3 en las calles, acelerando los latidos de los residentes de Mazatl\u00e1n y los turistas que visitaban el puerto. Sin duda, fue una noche memorable.<\/p>\n<p>Los festejos de las bandas de regional mexicano tuvieron lugar despu\u00e9s de las declaraciones del alcalde de Mazatl\u00e1n, Edgar Gonz\u00e1lez Zatar\u00e1in, quien asegur\u00f3 que no se prohibir\u00e1 trabajar a los m\u00fasicos en las playas del puerto. Asimismo, llam\u00f3 a los empresarios que solicitaron aplicar restricciones a seguir con los acuerdos establecidos con sindicatos de m\u00fasicos locales.<\/p>\n<p>Gonz\u00e1lez Zatar\u00e1in agreg\u00f3 que el &#8220;desorden&#8221; suele ser generado por m\u00fasicos for\u00e1neos y mencion\u00f3 que las organizaciones de los artistas se ven rebasadas, ya que suelen saturar las playas. Afirm\u00f3 que su administraci\u00f3n no utilizar\u00e1 la fuerza p\u00fablica para apaciguar las tensiones surgidas en las calles mazatlecas por la solicitud de los empresarios.<\/p>\n<p>Las marchas de m\u00fasicos regionales iniciaron el 27 de marzo, recorriendo distintos hoteles de la Zona Dorada para alzar la voz y exigir respeto a su expresi\u00f3n cultural, as\u00ed como a su \u00fanico medio para generar ingresos. La marcha a pie tambi\u00e9n recorri\u00f3 la Avenida Camar\u00f3n S\u00e1valo.<\/p>\n","protected":false},"excerpt":{"rendered":"<p>La noche del jueves, el puerto de Mazatl\u00e1n se visti\u00f3 de fiesta con una vibrante celebraci\u00f3n musical, en la que al menos 60 bandas regionales tocaron al un\u00edsono, llenando las calles de alegr\u00eda y ritmo. Tras llegar a acuerdos con las autoridades locales, los m\u00fasicos regresaron a las calles con entusiasmo y determinaci\u00f3n para festejar. [&hellip;]<\/p>\n","protected":false},"author":3,"featured_media":1822,"comment_status":"open","ping_status":"open","sticky":false,"template":"","format":"standard","meta":{"om_disable_all_campaigns":false,"_monsterinsights_skip_tracking":false,"_monsterinsights_sitenote_active":false,"_monsterinsights_sitenote_note":"","_monsterinsights_sitenote_category":0,"_uf_show_specific_survey":0,"_uf_disable_surveys":false,"amp_status":""},"categories":[542],"tags":[1374,1372,1371,1373,1370],"aioseo_notices":[],"_links":{"self":[{"href":"https:\/\/niveluno.com\/index.php\/wp-json\/wp\/v2\/posts\/1821"}],"collection":[{"href":"https:\/\/niveluno.com\/index.php\/wp-json\/wp\/v2\/posts"}],"about":[{"href":"https:\/\/niveluno.com\/index.php\/wp-json\/wp\/v2\/types\/post"}],"author":[{"embeddable":true,"href":"https:\/\/niveluno.com\/index.php\/wp-json\/wp\/v2\/users\/3"}],"replies":[{"embeddable":true,"href":"https:\/\/niveluno.com\/index.php\/wp-json\/wp\/v2\/comments?post=1821"}],"version-history":[{"count":1,"href":"https:\/\/niveluno.com\/index.php\/wp-json\/wp\/v2\/posts\/1821\/revisions"}],"predecessor-version":[{"id":1823,"href":"https:\/\/niveluno.com\/index.php\/wp-json\/wp\/v2\/posts\/1821\/revisions\/1823"}],"wp:featuredmedia":[{"embeddable":true,"href":"https:\/\/niveluno.com\/index.php\/wp-json\/wp\/v2\/media\/1822"}],"wp:attachment":[{"href":"https:\/\/niveluno.com\/index.php\/wp-json\/wp\/v2\/media?parent=1821"}],"wp:term":[{"taxonomy":"category","embeddable":true,"href":"https:\/\/niveluno.com\/index.php\/wp-json\/wp\/v2\/categories?post=1821"},{"taxonomy":"post_tag","embeddable":true,"href":"https:\/\/niveluno.com\/index.php\/wp-json\/wp\/v2\/tags?post=1821"}],"curies":[{"name":"wp","href":"https:\/\/api.w.org\/{rel}","templated":true}]}}