{"id":1751,"date":"2024-03-26T20:46:25","date_gmt":"2024-03-26T20:46:25","guid":{"rendered":"https:\/\/niveluno.com\/?p=1751"},"modified":"2024-03-26T20:46:25","modified_gmt":"2024-03-26T20:46:25","slug":"vinculan-a-proceso-a-lider-de-la-union-tepito-por-diversos-delitos","status":"publish","type":"post","link":"https:\/\/niveluno.com\/index.php\/2024\/03\/26\/vinculan-a-proceso-a-lider-de-la-union-tepito-por-diversos-delitos\/","title":{"rendered":"Vinculan a proceso a l\u00edder de La Uni\u00f3n Tepito por diversos delitos"},"content":{"rendered":"<p>La Fiscal\u00eda General de Justicia (FGJ) de la Ciudad de M\u00e9xico inform\u00f3 que un juez de control ha vinculado a proceso a Eduardo &#8220;N&#8221;, conocido como El Chori, presunto l\u00edder del grupo delictivo La Uni\u00f3n Tepito. Los delitos imputados incluyen cohecho, narcotr\u00e1fico y portaci\u00f3n de arma de fuego de uso exclusivo de las fuerzas armadas.<\/p>\n<p>El arresto de El Chori ocurri\u00f3 el pasado lunes 18 de marzo durante un operativo realizado por elementos de la Secretar\u00eda de Seguridad Ciudadana en la alcald\u00eda Tlalpan. Seg\u00fan la FGJ, la detenci\u00f3n se llev\u00f3 a cabo tras meses de investigaci\u00f3n y seguimiento por parte de las autoridades.<\/p>\n<p>El presunto l\u00edder criminal fue capturado mientras cenaba en el Ajusco junto a su pareja, Emily &#8220;N&#8221;, y su hijo. Resid\u00eda en la colonia Jardines de San Mateo en Naucalpan de Ju\u00e1rez, Estado de M\u00e9xico.<\/p>\n<p>La detenci\u00f3n de El Chori ha sido celebrada por el secretario de Seguridad Ciudadana de la Ciudad de M\u00e9xico, Pablo V\u00e1zquez, quien destac\u00f3 que este arresto abrir\u00e1 nuevas l\u00edneas de investigaci\u00f3n para combatir la delincuencia en la capital.<\/p>\n<p>El l\u00edder de La Uni\u00f3n Tepito fue trasladado al reclusorio Norte el mi\u00e9rcoles 20 de marzo bajo un fuerte operativo policial. Se espera que sea imputado en las pr\u00f3ximas horas por la FGJ de la Ciudad de M\u00e9xico.<\/p>\n<p>Tras una audiencia, un juez calific\u00f3 como legal la detenci\u00f3n de El Chori y se ha programado su vinculaci\u00f3n a proceso para el d\u00eda de hoy, luego de que los abogados del imputado solicitaran la ampliaci\u00f3n del t\u00e9rmino para presentar pruebas a su favor.<\/p>\n","protected":false},"excerpt":{"rendered":"<p>La Fiscal\u00eda General de Justicia (FGJ) de la Ciudad de M\u00e9xico inform\u00f3 que un juez de control ha vinculado a proceso a Eduardo &#8220;N&#8221;, conocido como El Chori, presunto l\u00edder del grupo delictivo La Uni\u00f3n Tepito. Los delitos imputados incluyen cohecho, narcotr\u00e1fico y portaci\u00f3n de arma de fuego de uso exclusivo de las fuerzas armadas. [&hellip;]<\/p>\n","protected":false},"author":3,"featured_media":1752,"comment_status":"open","ping_status":"open","sticky":false,"template":"","format":"standard","meta":{"om_disable_all_campaigns":false,"_monsterinsights_skip_tracking":false,"_monsterinsights_sitenote_active":false,"_monsterinsights_sitenote_note":"","_monsterinsights_sitenote_category":0,"_uf_show_specific_survey":0,"_uf_disable_surveys":false,"amp_status":""},"categories":[553],"tags":[615,777,586,1316,565],"aioseo_notices":[],"_links":{"self":[{"href":"https:\/\/niveluno.com\/index.php\/wp-json\/wp\/v2\/posts\/1751"}],"collection":[{"href":"https:\/\/niveluno.com\/index.php\/wp-json\/wp\/v2\/posts"}],"about":[{"href":"https:\/\/niveluno.com\/index.php\/wp-json\/wp\/v2\/types\/post"}],"author":[{"embeddable":true,"href":"https:\/\/niveluno.com\/index.php\/wp-json\/wp\/v2\/users\/3"}],"replies":[{"embeddable":true,"href":"https:\/\/niveluno.com\/index.php\/wp-json\/wp\/v2\/comments?post=1751"}],"version-history":[{"count":1,"href":"https:\/\/niveluno.com\/index.php\/wp-json\/wp\/v2\/posts\/1751\/revisions"}],"predecessor-version":[{"id":1753,"href":"https:\/\/niveluno.com\/index.php\/wp-json\/wp\/v2\/posts\/1751\/revisions\/1753"}],"wp:featuredmedia":[{"embeddable":true,"href":"https:\/\/niveluno.com\/index.php\/wp-json\/wp\/v2\/media\/1752"}],"wp:attachment":[{"href":"https:\/\/niveluno.com\/index.php\/wp-json\/wp\/v2\/media?parent=1751"}],"wp:term":[{"taxonomy":"category","embeddable":true,"href":"https:\/\/niveluno.com\/index.php\/wp-json\/wp\/v2\/categories?post=1751"},{"taxonomy":"post_tag","embeddable":true,"href":"https:\/\/niveluno.com\/index.php\/wp-json\/wp\/v2\/tags?post=1751"}],"curies":[{"name":"wp","href":"https:\/\/api.w.org\/{rel}","templated":true}]}}