{"id":1689,"date":"2024-03-22T19:22:11","date_gmt":"2024-03-22T19:22:11","guid":{"rendered":"https:\/\/niveluno.com\/?p=1689"},"modified":"2024-03-22T19:22:11","modified_gmt":"2024-03-22T19:22:11","slug":"la-princesa-catalina-revela-estar-en-tratamiento-contra-el-cancer","status":"publish","type":"post","link":"https:\/\/niveluno.com\/index.php\/2024\/03\/22\/la-princesa-catalina-revela-estar-en-tratamiento-contra-el-cancer\/","title":{"rendered":"La Princesa Catalina revela estar en tratamiento contra el c\u00e1ncer"},"content":{"rendered":"<p>La Princesa Catalina reapareci\u00f3 en un video donde revel\u00f3 que se encuentra en las primeras etapas del tratamiento de c\u00e1ncer, diagnosticado despu\u00e9s de la operaci\u00f3n que se someti\u00f3 en enero.<\/p>\n<p>Los detalles del c\u00e1ncer no fueron revelados, pero el Palacio de Kensington declar\u00f3 que conf\u00eda en que la princesa se recuperar\u00e1 por completo.<\/p>\n<p>&#8220;Sin embargo, las pruebas realizadas despu\u00e9s de la operaci\u00f3n descubrieron que hab\u00eda c\u00e1ncer. Por lo tanto, mi equipo m\u00e9dico me recomend\u00f3 que me sometiera a un tratamiento de quimioterapia preventiva y ahora me encuentro en las primeras etapas de ese tratamiento&#8221;, dijo la princesa.<\/p>\n<p>Tambi\u00e9n agreg\u00f3 que estaba pensando en todos aquellos que han sido afectados por el c\u00e1ncer y a\u00f1adi\u00f3: &#8220;Para todos aquellos que enfrentan esta enfermedad, en cualquier forma, por favor no pierdan la fe ni la esperanza. No est\u00e1n solos&#8221;.<\/p>\n<p>&#8220;William y yo hemos estado haciendo todo lo posible para procesar y gestionar esto de forma privada por el bien de nuestra joven familia&#8221;.<\/p>\n<p>El Palacio de Kensington dijo que el v\u00eddeo de la princesa fue filmado el mi\u00e9rcoles por BBC Studios, al mismo tiempo afirm\u00f3 que la repentina ausencia del pr\u00edncipe William de un servicio conmemorativo a finales de febrero se debi\u00f3 al descubrimiento del diagn\u00f3stico de c\u00e1ncer de Catherine.<\/p>\n<p>Despu\u00e9s de que se difundi\u00f3 la noticia, figuras del entretenimiento dieron raccuinaron en sus redes sociales demostrando el apoyo a la Princesa de Gales.<\/p>\n","protected":false},"excerpt":{"rendered":"<p>La Princesa Catalina reapareci\u00f3 en un video donde revel\u00f3 que se encuentra en las primeras etapas del tratamiento de c\u00e1ncer, diagnosticado despu\u00e9s de la operaci\u00f3n que se someti\u00f3 en enero. Los detalles del c\u00e1ncer no fueron revelados, pero el Palacio de Kensington declar\u00f3 que conf\u00eda en que la princesa se recuperar\u00e1 por completo. &#8220;Sin embargo, [&hellip;]<\/p>\n","protected":false},"author":3,"featured_media":1690,"comment_status":"open","ping_status":"open","sticky":false,"template":"","format":"standard","meta":{"om_disable_all_campaigns":false,"_monsterinsights_skip_tracking":false,"_monsterinsights_sitenote_active":false,"_monsterinsights_sitenote_note":"","_monsterinsights_sitenote_category":0,"_uf_show_specific_survey":0,"_uf_disable_surveys":false,"amp_status":""},"categories":[181],"tags":[1234,1230,1236,1235,1232,1233,1231],"aioseo_notices":[],"_links":{"self":[{"href":"https:\/\/niveluno.com\/index.php\/wp-json\/wp\/v2\/posts\/1689"}],"collection":[{"href":"https:\/\/niveluno.com\/index.php\/wp-json\/wp\/v2\/posts"}],"about":[{"href":"https:\/\/niveluno.com\/index.php\/wp-json\/wp\/v2\/types\/post"}],"author":[{"embeddable":true,"href":"https:\/\/niveluno.com\/index.php\/wp-json\/wp\/v2\/users\/3"}],"replies":[{"embeddable":true,"href":"https:\/\/niveluno.com\/index.php\/wp-json\/wp\/v2\/comments?post=1689"}],"version-history":[{"count":1,"href":"https:\/\/niveluno.com\/index.php\/wp-json\/wp\/v2\/posts\/1689\/revisions"}],"predecessor-version":[{"id":1691,"href":"https:\/\/niveluno.com\/index.php\/wp-json\/wp\/v2\/posts\/1689\/revisions\/1691"}],"wp:featuredmedia":[{"embeddable":true,"href":"https:\/\/niveluno.com\/index.php\/wp-json\/wp\/v2\/media\/1690"}],"wp:attachment":[{"href":"https:\/\/niveluno.com\/index.php\/wp-json\/wp\/v2\/media?parent=1689"}],"wp:term":[{"taxonomy":"category","embeddable":true,"href":"https:\/\/niveluno.com\/index.php\/wp-json\/wp\/v2\/categories?post=1689"},{"taxonomy":"post_tag","embeddable":true,"href":"https:\/\/niveluno.com\/index.php\/wp-json\/wp\/v2\/tags?post=1689"}],"curies":[{"name":"wp","href":"https:\/\/api.w.org\/{rel}","templated":true}]}}