{"id":1671,"date":"2024-03-22T13:36:37","date_gmt":"2024-03-22T13:36:37","guid":{"rendered":"https:\/\/niveluno.com\/?p=1671"},"modified":"2024-03-22T13:36:37","modified_gmt":"2024-03-22T13:36:37","slug":"gobierno-federal-anuncia-convocatoria-para-contratar-9-mil-especialistas-en-salud","status":"publish","type":"post","link":"https:\/\/niveluno.com\/index.php\/2024\/03\/22\/gobierno-federal-anuncia-convocatoria-para-contratar-9-mil-especialistas-en-salud\/","title":{"rendered":"Gobierno Federal Anuncia Convocatoria para Contratar 9 mil Especialistas en Salud"},"content":{"rendered":"<p>En una reuni\u00f3n en el Palacio de Gobierno de Oaxaca, el presidente Andr\u00e9s Manuel L\u00f3pez Obrador y gobernadores de 23 entidades adheridas al IMSS-Bienestar evaluaron los avances en el sistema de salud p\u00fablica. Tras el encuentro, se anunci\u00f3 la pr\u00f3xima convocatoria para contratar 9 mil especialistas m\u00e9dicos.<\/p>\n<p>Los decretos publicados en el Diario Oficial de la Federaci\u00f3n confirman la transferencia de bienes muebles del sector salud de estas entidades a manos de la Federaci\u00f3n, marcando un significativo avance en el proceso de federalizaci\u00f3n.<\/p>\n<p>&#8220;El IMSS-Bienestar es un gran proyecto del presidente&#8221;, afirm\u00f3 la gobernadora de Baja California, Marina del Pilar \u00c1vila, destacando el compromiso con la mejora del sistema de salud.<\/p>\n<p>Rub\u00e9n Rocha, mandatario de Sinaloa, detall\u00f3 que adem\u00e1s de las contrataciones, se establecer\u00e1n comit\u00e9s para impulsar el proyecto &#8220;La cl\u00ednica es nuestra&#8221;, destinado a fortalecer las instalaciones de salud estatales con apoyo gubernamental.<\/p>\n<p>El presidente L\u00f3pez Obrador interactu\u00f3 con cientos de personas a su salida del Palacio de Gobierno, respondiendo a saludos, abrazos y tom\u00e1ndose fotograf\u00edas, antes de retirarse entre la multitud<\/p>\n","protected":false},"excerpt":{"rendered":"<p>En una reuni\u00f3n en el Palacio de Gobierno de Oaxaca, el presidente Andr\u00e9s Manuel L\u00f3pez Obrador y gobernadores de 23 entidades adheridas al IMSS-Bienestar evaluaron los avances en el sistema de salud p\u00fablica. Tras el encuentro, se anunci\u00f3 la pr\u00f3xima convocatoria para contratar 9 mil especialistas m\u00e9dicos. Los decretos publicados en el Diario Oficial de [&hellip;]<\/p>\n","protected":false},"author":3,"featured_media":1672,"comment_status":"open","ping_status":"open","sticky":false,"template":"","format":"standard","meta":{"om_disable_all_campaigns":false,"_monsterinsights_skip_tracking":false,"_monsterinsights_sitenote_active":false,"_monsterinsights_sitenote_note":"","_monsterinsights_sitenote_category":0,"_uf_show_specific_survey":0,"_uf_disable_surveys":false,"amp_status":""},"categories":[541],"tags":[1220,60,1219,1221,1195],"aioseo_notices":[],"_links":{"self":[{"href":"https:\/\/niveluno.com\/index.php\/wp-json\/wp\/v2\/posts\/1671"}],"collection":[{"href":"https:\/\/niveluno.com\/index.php\/wp-json\/wp\/v2\/posts"}],"about":[{"href":"https:\/\/niveluno.com\/index.php\/wp-json\/wp\/v2\/types\/post"}],"author":[{"embeddable":true,"href":"https:\/\/niveluno.com\/index.php\/wp-json\/wp\/v2\/users\/3"}],"replies":[{"embeddable":true,"href":"https:\/\/niveluno.com\/index.php\/wp-json\/wp\/v2\/comments?post=1671"}],"version-history":[{"count":1,"href":"https:\/\/niveluno.com\/index.php\/wp-json\/wp\/v2\/posts\/1671\/revisions"}],"predecessor-version":[{"id":1673,"href":"https:\/\/niveluno.com\/index.php\/wp-json\/wp\/v2\/posts\/1671\/revisions\/1673"}],"wp:featuredmedia":[{"embeddable":true,"href":"https:\/\/niveluno.com\/index.php\/wp-json\/wp\/v2\/media\/1672"}],"wp:attachment":[{"href":"https:\/\/niveluno.com\/index.php\/wp-json\/wp\/v2\/media?parent=1671"}],"wp:term":[{"taxonomy":"category","embeddable":true,"href":"https:\/\/niveluno.com\/index.php\/wp-json\/wp\/v2\/categories?post=1671"},{"taxonomy":"post_tag","embeddable":true,"href":"https:\/\/niveluno.com\/index.php\/wp-json\/wp\/v2\/tags?post=1671"}],"curies":[{"name":"wp","href":"https:\/\/api.w.org\/{rel}","templated":true}]}}