{"id":1459,"date":"2024-03-13T20:28:48","date_gmt":"2024-03-13T20:28:48","guid":{"rendered":"https:\/\/niveluno.com\/?p=1459"},"modified":"2024-03-13T20:28:48","modified_gmt":"2024-03-13T20:28:48","slug":"estudiantes-de-la-normal-mactumactza-exigen-justicia-por-asesinato-de-companero","status":"publish","type":"post","link":"https:\/\/niveluno.com\/index.php\/2024\/03\/13\/estudiantes-de-la-normal-mactumactza-exigen-justicia-por-asesinato-de-companero\/","title":{"rendered":"Estudiantes de la Normal Mactumactz\u00e1 Exigen Justicia por Asesinato de Compa\u00f1ero"},"content":{"rendered":"<p>Decenas de alumnos de la Escuela Rural Normal Mactumactz\u00e1 se manifestaron el mi\u00e9rcoles frente a las oficinas de la delegaci\u00f3n de la Fiscal\u00eda General de la Rep\u00fablica (FGR) en Tuxtla Guti\u00e9rrez, exigiendo justicia por el asesinato de Yanqui Roth\u00e1n G\u00f3mez Peralta, estudiante de la Normal Ra\u00fal Isidro Burgos de Ayotzinapa.<\/p>\n<p>&#8220;Se supone que la FGR est\u00e1 para resolver estos casos y hasta el momento no ha hecho nada. En muchas ocasiones hemos reiterado que queremos ver tras las rejas al polic\u00eda que asesin\u00f3 al compa\u00f1ero Yanqui Koth\u00e1n&#8221;, declar\u00f3 una alumna durante la protesta.<\/p>\n<p>Agreg\u00f3 que el gobierno criminaliza a los normalistas mientras los verdaderos delincuentes caminan libremente por las calles, confiados en que no enfrentar\u00e1n consecuencias.<\/p>\n<p>En cuanto a las declaraciones del presidente Andr\u00e9s Manuel L\u00f3pez Obrador en su conferencia matutina, donde insinu\u00f3 que el estudiante fallecido estaba bajo la influencia del alcohol y las drogas, la estudiante afirm\u00f3 que la autopsia ha demostrado lo contrario: &#8220;Este compa\u00f1ero ni siquiera hab\u00eda consumido ning\u00fan tipo de alcohol ni drogas, no portaba armas y no pudo defenderse porque recibi\u00f3 un disparo en la cabeza que le quit\u00f3 la vida&#8221;.<\/p>\n<p>La estudiante critic\u00f3 la falta de acci\u00f3n del gobierno y expres\u00f3 su frustraci\u00f3n: &#8220;\u00bfQu\u00e9 ha hecho? Sumarle un muerto m\u00e1s a los 43. Ya estamos cansados de esta corrupci\u00f3n del gobierno inepto que no sabe hacer su trabajo&#8221;.<\/p>\n<p>&nbsp;<\/p>\n","protected":false},"excerpt":{"rendered":"<p>Decenas de alumnos de la Escuela Rural Normal Mactumactz\u00e1 se manifestaron el mi\u00e9rcoles frente a las oficinas de la delegaci\u00f3n de la Fiscal\u00eda General de la Rep\u00fablica (FGR) en Tuxtla Guti\u00e9rrez, exigiendo justicia por el asesinato de Yanqui Roth\u00e1n G\u00f3mez Peralta, estudiante de la Normal Ra\u00fal Isidro Burgos de Ayotzinapa. &#8220;Se supone que la FGR [&hellip;]<\/p>\n","protected":false},"author":3,"featured_media":1460,"comment_status":"open","ping_status":"open","sticky":false,"template":"","format":"standard","meta":{"om_disable_all_campaigns":false,"_monsterinsights_skip_tracking":false,"_monsterinsights_sitenote_active":false,"_monsterinsights_sitenote_note":"","_monsterinsights_sitenote_category":0,"_uf_show_specific_survey":0,"_uf_disable_surveys":false,"amp_status":""},"categories":[541],"tags":[851,904,586,1039,1040],"aioseo_notices":[],"_links":{"self":[{"href":"https:\/\/niveluno.com\/index.php\/wp-json\/wp\/v2\/posts\/1459"}],"collection":[{"href":"https:\/\/niveluno.com\/index.php\/wp-json\/wp\/v2\/posts"}],"about":[{"href":"https:\/\/niveluno.com\/index.php\/wp-json\/wp\/v2\/types\/post"}],"author":[{"embeddable":true,"href":"https:\/\/niveluno.com\/index.php\/wp-json\/wp\/v2\/users\/3"}],"replies":[{"embeddable":true,"href":"https:\/\/niveluno.com\/index.php\/wp-json\/wp\/v2\/comments?post=1459"}],"version-history":[{"count":1,"href":"https:\/\/niveluno.com\/index.php\/wp-json\/wp\/v2\/posts\/1459\/revisions"}],"predecessor-version":[{"id":1461,"href":"https:\/\/niveluno.com\/index.php\/wp-json\/wp\/v2\/posts\/1459\/revisions\/1461"}],"wp:featuredmedia":[{"embeddable":true,"href":"https:\/\/niveluno.com\/index.php\/wp-json\/wp\/v2\/media\/1460"}],"wp:attachment":[{"href":"https:\/\/niveluno.com\/index.php\/wp-json\/wp\/v2\/media?parent=1459"}],"wp:term":[{"taxonomy":"category","embeddable":true,"href":"https:\/\/niveluno.com\/index.php\/wp-json\/wp\/v2\/categories?post=1459"},{"taxonomy":"post_tag","embeddable":true,"href":"https:\/\/niveluno.com\/index.php\/wp-json\/wp\/v2\/tags?post=1459"}],"curies":[{"name":"wp","href":"https:\/\/api.w.org\/{rel}","templated":true}]}}