{"id":1410,"date":"2024-03-12T15:08:48","date_gmt":"2024-03-12T15:08:48","guid":{"rendered":"https:\/\/niveluno.com\/?p=1410"},"modified":"2024-03-12T15:08:48","modified_gmt":"2024-03-12T15:08:48","slug":"reportan-la-desaparicion-del-reconocido-periodista-jaime-barrera-rodriguez-en-guadalajara","status":"publish","type":"post","link":"https:\/\/niveluno.com\/index.php\/2024\/03\/12\/reportan-la-desaparicion-del-reconocido-periodista-jaime-barrera-rodriguez-en-guadalajara\/","title":{"rendered":"Reportan la desaparici\u00f3n del reconocido periodista Jaime Barrera Rodr\u00edguez en Guadalajara"},"content":{"rendered":"<p>Este lunes se ha reportado la desaparici\u00f3n de Jaime Barrera Rodr\u00edguez, periodista de un conocido noticiero en Guadalajara, despu\u00e9s de perderse el contacto con \u00e9l alrededor del mediod\u00eda.<\/p>\n<p>Itzul Barrera, hija del periodista, recurri\u00f3 a las redes sociales para solicitar ayuda en la b\u00fasqueda de su padre, a quien describe como &#8220;el mejor periodista de este estado&#8221;, adjuntando una fotograf\u00eda de \u00e9l y un n\u00famero de tel\u00e9fono para cualquier informaci\u00f3n relevante.<\/p>\n<p>Jaime Barrera Rodr\u00edguez es un periodista ampliamente reconocido en Jalisco, con una trayectoria respetada en medios impresos, radio y televisi\u00f3n. Comenz\u00f3 su carrera como reportero mientras estudiaba Ciencias de la Comunicaci\u00f3n en la Universidad ITESO de 1985 a 1989.<\/p>\n<p>En su perfil de Linkedin, Barrera destaca como autor de la columna &#8220;Radar&#8221;, conductor de radio en la estaci\u00f3n 89.1 de FM y miembro del panel &#8220;Periodismo En Plural&#8221; en el Canal 4 de Televisa Guadalajara.<\/p>\n<p>La desaparici\u00f3n de Jaime Barrera ha generado gran preocupaci\u00f3n en la comunidad period\u00edstica y en la sociedad en general.<\/p>\n","protected":false},"excerpt":{"rendered":"<p>Este lunes se ha reportado la desaparici\u00f3n de Jaime Barrera Rodr\u00edguez, periodista de un conocido noticiero en Guadalajara, despu\u00e9s de perderse el contacto con \u00e9l alrededor del mediod\u00eda. Itzul Barrera, hija del periodista, recurri\u00f3 a las redes sociales para solicitar ayuda en la b\u00fasqueda de su padre, a quien describe como &#8220;el mejor periodista de [&hellip;]<\/p>\n","protected":false},"author":3,"featured_media":1411,"comment_status":"open","ping_status":"open","sticky":false,"template":"","format":"standard","meta":{"om_disable_all_campaigns":false,"_monsterinsights_skip_tracking":false,"_monsterinsights_sitenote_active":false,"_monsterinsights_sitenote_note":"","_monsterinsights_sitenote_category":0,"_uf_show_specific_survey":0,"_uf_disable_surveys":false,"amp_status":""},"categories":[542],"tags":[995,997,996],"aioseo_notices":[],"_links":{"self":[{"href":"https:\/\/niveluno.com\/index.php\/wp-json\/wp\/v2\/posts\/1410"}],"collection":[{"href":"https:\/\/niveluno.com\/index.php\/wp-json\/wp\/v2\/posts"}],"about":[{"href":"https:\/\/niveluno.com\/index.php\/wp-json\/wp\/v2\/types\/post"}],"author":[{"embeddable":true,"href":"https:\/\/niveluno.com\/index.php\/wp-json\/wp\/v2\/users\/3"}],"replies":[{"embeddable":true,"href":"https:\/\/niveluno.com\/index.php\/wp-json\/wp\/v2\/comments?post=1410"}],"version-history":[{"count":1,"href":"https:\/\/niveluno.com\/index.php\/wp-json\/wp\/v2\/posts\/1410\/revisions"}],"predecessor-version":[{"id":1412,"href":"https:\/\/niveluno.com\/index.php\/wp-json\/wp\/v2\/posts\/1410\/revisions\/1412"}],"wp:featuredmedia":[{"embeddable":true,"href":"https:\/\/niveluno.com\/index.php\/wp-json\/wp\/v2\/media\/1411"}],"wp:attachment":[{"href":"https:\/\/niveluno.com\/index.php\/wp-json\/wp\/v2\/media?parent=1410"}],"wp:term":[{"taxonomy":"category","embeddable":true,"href":"https:\/\/niveluno.com\/index.php\/wp-json\/wp\/v2\/categories?post=1410"},{"taxonomy":"post_tag","embeddable":true,"href":"https:\/\/niveluno.com\/index.php\/wp-json\/wp\/v2\/tags?post=1410"}],"curies":[{"name":"wp","href":"https:\/\/api.w.org\/{rel}","templated":true}]}}