{"id":1355,"date":"2024-03-08T21:28:04","date_gmt":"2024-03-08T21:28:04","guid":{"rendered":"https:\/\/niveluno.com\/?p=1355"},"modified":"2024-03-08T21:28:04","modified_gmt":"2024-03-08T21:28:04","slug":"gabinete-paritario-de-mexico-retos-y-logros-en-el-dia-de-la-mujer","status":"publish","type":"post","link":"https:\/\/niveluno.com\/index.php\/2024\/03\/08\/gabinete-paritario-de-mexico-retos-y-logros-en-el-dia-de-la-mujer\/","title":{"rendered":"Gabinete Paritario de M\u00e9xico, Retos y Logros en el D\u00eda de la Mujer"},"content":{"rendered":"<p>En conmemoraci\u00f3n del D\u00eda Internacional de la Mujer, las integrantes del primer gabinete federal paritario de M\u00e9xico se reunieron en una conferencia de prensa junto al presidente Andr\u00e9s Manuel L\u00f3pez Obrador para abordar los retos y logros que enfrenta este sector de la poblaci\u00f3n.<\/p>\n<p>Seg\u00fan datos del Instituto Nacional de Estad\u00edstica y Geograf\u00eda, las mujeres representan el 52 por ciento de la poblaci\u00f3n en julio de 2023. Durante la conferencia, se destacaron las conquistas alcanzadas en poco m\u00e1s de cinco a\u00f1os de la Cuarta Transformaci\u00f3n.<\/p>\n<p>La secretaria de Gobernaci\u00f3n, Luisa Mar\u00eda Alcalde Luj\u00e1n, enfatiz\u00f3 que M\u00e9xico es uno de los 13 pa\u00edses que cuenta con un gabinete paritario, donde la mitad de los integrantes son mujeres. Desde su perspectiva, esta igualdad de g\u00e9nero en la toma de decisiones es esencial para contribuir a erradicar las desigualdades.<\/p>\n<p>En el encuentro tambi\u00e9n participaron otras integrantes del gabinete, quienes abordaron temas como la seguridad, la educaci\u00f3n, la econom\u00eda y la cultura desde una perspectiva de g\u00e9nero.<\/p>\n<p>El presidente L\u00f3pez Obrador reafirm\u00f3 el compromiso del gobierno federal en la lucha por la igualdad y contra la violencia de g\u00e9nero, destacando el papel fundamental de las mujeres en la transformaci\u00f3n de la vida p\u00fablica de M\u00e9xico.<\/p>\n","protected":false},"excerpt":{"rendered":"<p>En conmemoraci\u00f3n del D\u00eda Internacional de la Mujer, las integrantes del primer gabinete federal paritario de M\u00e9xico se reunieron en una conferencia de prensa junto al presidente Andr\u00e9s Manuel L\u00f3pez Obrador para abordar los retos y logros que enfrenta este sector de la poblaci\u00f3n. Seg\u00fan datos del Instituto Nacional de Estad\u00edstica y Geograf\u00eda, las mujeres [&hellip;]<\/p>\n","protected":false},"author":3,"featured_media":1356,"comment_status":"open","ping_status":"open","sticky":false,"template":"","format":"standard","meta":{"om_disable_all_campaigns":false,"_monsterinsights_skip_tracking":false,"_monsterinsights_sitenote_active":false,"_monsterinsights_sitenote_note":"","_monsterinsights_sitenote_category":0,"_uf_show_specific_survey":0,"_uf_disable_surveys":false,"amp_status":""},"categories":[541],"tags":[930,628,931,929,920,932],"aioseo_notices":[],"_links":{"self":[{"href":"https:\/\/niveluno.com\/index.php\/wp-json\/wp\/v2\/posts\/1355"}],"collection":[{"href":"https:\/\/niveluno.com\/index.php\/wp-json\/wp\/v2\/posts"}],"about":[{"href":"https:\/\/niveluno.com\/index.php\/wp-json\/wp\/v2\/types\/post"}],"author":[{"embeddable":true,"href":"https:\/\/niveluno.com\/index.php\/wp-json\/wp\/v2\/users\/3"}],"replies":[{"embeddable":true,"href":"https:\/\/niveluno.com\/index.php\/wp-json\/wp\/v2\/comments?post=1355"}],"version-history":[{"count":1,"href":"https:\/\/niveluno.com\/index.php\/wp-json\/wp\/v2\/posts\/1355\/revisions"}],"predecessor-version":[{"id":1357,"href":"https:\/\/niveluno.com\/index.php\/wp-json\/wp\/v2\/posts\/1355\/revisions\/1357"}],"wp:featuredmedia":[{"embeddable":true,"href":"https:\/\/niveluno.com\/index.php\/wp-json\/wp\/v2\/media\/1356"}],"wp:attachment":[{"href":"https:\/\/niveluno.com\/index.php\/wp-json\/wp\/v2\/media?parent=1355"}],"wp:term":[{"taxonomy":"category","embeddable":true,"href":"https:\/\/niveluno.com\/index.php\/wp-json\/wp\/v2\/categories?post=1355"},{"taxonomy":"post_tag","embeddable":true,"href":"https:\/\/niveluno.com\/index.php\/wp-json\/wp\/v2\/tags?post=1355"}],"curies":[{"name":"wp","href":"https:\/\/api.w.org\/{rel}","templated":true}]}}