{"id":1266,"date":"2024-03-05T20:46:55","date_gmt":"2024-03-05T20:46:55","guid":{"rendered":"https:\/\/niveluno.com\/?p=1266"},"modified":"2024-03-05T20:46:55","modified_gmt":"2024-03-05T20:46:55","slug":"validan-reforma-para-derechos-de-militares-en-guardia-nacional","status":"publish","type":"post","link":"https:\/\/niveluno.com\/index.php\/2024\/03\/05\/validan-reforma-para-derechos-de-militares-en-guardia-nacional\/","title":{"rendered":"Validan reforma para derechos de militares en Guardia Nacional"},"content":{"rendered":"<p>Esta tarde, la C\u00e1mara de Diputados emiti\u00f3 la declaratoria de validez de la reforma constitucional que garantiza el rango, antig\u00fcedad y prestaciones de militares y marinos asignados a la Guardia Nacional.<\/p>\n<p>En diciembre pasado, con el apoyo de la mayor\u00eda de las fuerzas pol\u00edticas, las dos c\u00e1maras del Congreso aprobaron una interpretaci\u00f3n del art\u00edculo tercero transitorio de la reforma constitucional que permiti\u00f3 la integraci\u00f3n de la Guardia Nacional.<\/p>\n<p>Dicha interpretaci\u00f3n se volvi\u00f3 necesaria despu\u00e9s de que la Suprema Corte de Justicia de la Naci\u00f3n invalidara la transferencia de la Guardia Nacional a la Secretar\u00eda de la Defensa Nacional, ordenando su retorno a la Secretar\u00eda de Seguridad Ciudadana.<\/p>\n<p>El 13 de diciembre de 2023, durante la \u00faltima sesi\u00f3n del periodo ordinario, ambas c\u00e1maras, a solicitud de las secretar\u00edas de la Defensa y de Seguridad Ciudadana, determinaron que los militares y marinos asignados a la Guardia Nacional conservar\u00e1n su rango y prestaciones para evitar una desbandada.<\/p>\n<p>El coordinador de los senadores pri\u00edstas, Manuel A\u00f1orve Ba\u00f1os, destac\u00f3 la relevancia del cambio para los efectivos de las fuerzas armadas que forman parte de la Guardia.<\/p>\n<p>Durante el debate en el Senado, el panista Dami\u00e1n Zepeda mencion\u00f3 que, de no votar la reforma, como lo dijo el general Sandoval, podr\u00eda haber una desbandada, reduciendo dr\u00e1sticamente el n\u00famero de integrantes de la Guardia Nacional.<\/p>\n<p>En la sesi\u00f3n de hoy en la C\u00e1mara de Diputados, la Mesa Directiva inform\u00f3 sobre la recepci\u00f3n de los votos de las legislaturas de varios estados y de la Ciudad de M\u00e9xico.<\/p>\n<p>Una vez cumplido el tr\u00e1mite legislativo, la declaratoria tambi\u00e9n se envi\u00f3 a la C\u00e1mara de Senadores.<\/p>\n","protected":false},"excerpt":{"rendered":"<p>Esta tarde, la C\u00e1mara de Diputados emiti\u00f3 la declaratoria de validez de la reforma constitucional que garantiza el rango, antig\u00fcedad y prestaciones de militares y marinos asignados a la Guardia Nacional. En diciembre pasado, con el apoyo de la mayor\u00eda de las fuerzas pol\u00edticas, las dos c\u00e1maras del Congreso aprobaron una interpretaci\u00f3n del art\u00edculo tercero [&hellip;]<\/p>\n","protected":false},"author":3,"featured_media":1267,"comment_status":"open","ping_status":"open","sticky":false,"template":"","format":"standard","meta":{"om_disable_all_campaigns":false,"_monsterinsights_skip_tracking":false,"_monsterinsights_sitenote_active":false,"_monsterinsights_sitenote_note":"","_monsterinsights_sitenote_category":0,"_uf_show_specific_survey":0,"_uf_disable_surveys":false,"amp_status":""},"categories":[541],"tags":[839,430,840,743,546],"aioseo_notices":[],"_links":{"self":[{"href":"https:\/\/niveluno.com\/index.php\/wp-json\/wp\/v2\/posts\/1266"}],"collection":[{"href":"https:\/\/niveluno.com\/index.php\/wp-json\/wp\/v2\/posts"}],"about":[{"href":"https:\/\/niveluno.com\/index.php\/wp-json\/wp\/v2\/types\/post"}],"author":[{"embeddable":true,"href":"https:\/\/niveluno.com\/index.php\/wp-json\/wp\/v2\/users\/3"}],"replies":[{"embeddable":true,"href":"https:\/\/niveluno.com\/index.php\/wp-json\/wp\/v2\/comments?post=1266"}],"version-history":[{"count":1,"href":"https:\/\/niveluno.com\/index.php\/wp-json\/wp\/v2\/posts\/1266\/revisions"}],"predecessor-version":[{"id":1268,"href":"https:\/\/niveluno.com\/index.php\/wp-json\/wp\/v2\/posts\/1266\/revisions\/1268"}],"wp:featuredmedia":[{"embeddable":true,"href":"https:\/\/niveluno.com\/index.php\/wp-json\/wp\/v2\/media\/1267"}],"wp:attachment":[{"href":"https:\/\/niveluno.com\/index.php\/wp-json\/wp\/v2\/media?parent=1266"}],"wp:term":[{"taxonomy":"category","embeddable":true,"href":"https:\/\/niveluno.com\/index.php\/wp-json\/wp\/v2\/categories?post=1266"},{"taxonomy":"post_tag","embeddable":true,"href":"https:\/\/niveluno.com\/index.php\/wp-json\/wp\/v2\/tags?post=1266"}],"curies":[{"name":"wp","href":"https:\/\/api.w.org\/{rel}","templated":true}]}}