{"id":1206,"date":"2024-03-02T13:14:33","date_gmt":"2024-03-02T13:14:33","guid":{"rendered":"https:\/\/niveluno.com\/?p=1206"},"modified":"2024-03-02T13:14:33","modified_gmt":"2024-03-02T13:14:33","slug":"sergio-perez-arranca-desde-el-quinto-lugar-en-el-gran-premio-de-bahrein-inaugurando-la-temporada-de-la-formula-uno","status":"publish","type":"post","link":"https:\/\/niveluno.com\/index.php\/2024\/03\/02\/sergio-perez-arranca-desde-el-quinto-lugar-en-el-gran-premio-de-bahrein-inaugurando-la-temporada-de-la-formula-uno\/","title":{"rendered":"Sergio P\u00e9rez arranca desde el quinto lugar en el Gran Premio de Bahr\u00e9in, inaugurando la temporada de la F\u00f3rmula Uno"},"content":{"rendered":"<p>Este s\u00e1bado 2 de marzo, el piloto mexicano Checo P\u00e9rez estar\u00e1 de regreso en la parrilla de salida de la F\u00f3rmula 1 para dar inicio a la temporada 2024, uni\u00e9ndose a su compa\u00f1ero de equipo Max Verstappen en el Gran Premio de Bahr\u00e9in. P\u00e9rez, quien una vez m\u00e1s representa a la escuder\u00eda Oracle Red Bull Racing, har\u00e1 rugir el motor de su monoplaza RB20 en busca de un gran comienzo en este emocionante campeonato.<\/p>\n<p>La particularidad de esta carrera reside en su fecha, ya que, a diferencia de la tradici\u00f3n de los domingos de F1, los dos primeros Grandes Premios de esta temporada se llevar\u00e1n a cabo en s\u00e1bado. El GP de Bahr\u00e9in est\u00e1 programado para comenzar a las 9 de la ma\u00f1ana, hora del centro de M\u00e9xico.<\/p>\n<p>La decisi\u00f3n de adelantar estas carreras se debe al inicio pr\u00f3ximo del Ramad\u00e1n, una celebraci\u00f3n importante para la comunidad musulmana que involucra pr\u00e1cticas religiosas como el ayuno y la oraci\u00f3n durante un mes. Con el objetivo de no interferir con estas festividades, la F\u00f3rmula 1 ajust\u00f3 su calendario, adelantando tanto el GP de Arabia Saud\u00ed como el GP de Bahr\u00e9in.<\/p>\n<p>Por lo tanto, Checo P\u00e9rez se enfrentar\u00e1 al desaf\u00edo del GP de Bahr\u00e9in en el circuito des\u00e9rtico de Sakhir, buscando destacarse como uno de los pilotos m\u00e1s r\u00e1pidos de la parrilla.<\/p>\n","protected":false},"excerpt":{"rendered":"<p>Este s\u00e1bado 2 de marzo, el piloto mexicano Checo P\u00e9rez estar\u00e1 de regreso en la parrilla de salida de la F\u00f3rmula 1 para dar inicio a la temporada 2024, uni\u00e9ndose a su compa\u00f1ero de equipo Max Verstappen en el Gran Premio de Bahr\u00e9in. P\u00e9rez, quien una vez m\u00e1s representa a la escuder\u00eda Oracle Red Bull [&hellip;]<\/p>\n","protected":false},"author":3,"featured_media":1207,"comment_status":"open","ping_status":"open","sticky":false,"template":"","format":"standard","meta":{"om_disable_all_campaigns":false,"_monsterinsights_skip_tracking":false,"_monsterinsights_sitenote_active":false,"_monsterinsights_sitenote_note":"","_monsterinsights_sitenote_category":0,"_uf_show_specific_survey":0,"_uf_disable_surveys":false,"amp_status":""},"categories":[181],"tags":[760,591,759,763,761,767,770,762,766,764,768,765,769],"aioseo_notices":[],"_links":{"self":[{"href":"https:\/\/niveluno.com\/index.php\/wp-json\/wp\/v2\/posts\/1206"}],"collection":[{"href":"https:\/\/niveluno.com\/index.php\/wp-json\/wp\/v2\/posts"}],"about":[{"href":"https:\/\/niveluno.com\/index.php\/wp-json\/wp\/v2\/types\/post"}],"author":[{"embeddable":true,"href":"https:\/\/niveluno.com\/index.php\/wp-json\/wp\/v2\/users\/3"}],"replies":[{"embeddable":true,"href":"https:\/\/niveluno.com\/index.php\/wp-json\/wp\/v2\/comments?post=1206"}],"version-history":[{"count":1,"href":"https:\/\/niveluno.com\/index.php\/wp-json\/wp\/v2\/posts\/1206\/revisions"}],"predecessor-version":[{"id":1208,"href":"https:\/\/niveluno.com\/index.php\/wp-json\/wp\/v2\/posts\/1206\/revisions\/1208"}],"wp:featuredmedia":[{"embeddable":true,"href":"https:\/\/niveluno.com\/index.php\/wp-json\/wp\/v2\/media\/1207"}],"wp:attachment":[{"href":"https:\/\/niveluno.com\/index.php\/wp-json\/wp\/v2\/media?parent=1206"}],"wp:term":[{"taxonomy":"category","embeddable":true,"href":"https:\/\/niveluno.com\/index.php\/wp-json\/wp\/v2\/categories?post=1206"},{"taxonomy":"post_tag","embeddable":true,"href":"https:\/\/niveluno.com\/index.php\/wp-json\/wp\/v2\/tags?post=1206"}],"curies":[{"name":"wp","href":"https:\/\/api.w.org\/{rel}","templated":true}]}}