{"id":1121,"date":"2024-02-28T15:51:16","date_gmt":"2024-02-28T15:51:16","guid":{"rendered":"https:\/\/niveluno.com\/?p=1121"},"modified":"2024-02-28T15:51:16","modified_gmt":"2024-02-28T15:51:16","slug":"por-que-el-papa-francisco-fue-al-hospital","status":"publish","type":"post","link":"https:\/\/niveluno.com\/index.php\/2024\/02\/28\/por-que-el-papa-francisco-fue-al-hospital\/","title":{"rendered":"\u00bfPor qu\u00e9 el papa Francisco fue al hospital?"},"content":{"rendered":"<p>El Sumo Pont\u00edfice, de 87 a\u00f1os de edad, retorn\u00f3 al Vaticano luego de una corta estad\u00eda en un hospital romano para someterse a un chequeo m\u00e9dico, seg\u00fan informaron medios de comunicaci\u00f3n italianos hoy 28 de febrero de 2024.<\/p>\n<p>El papa Francisco, aquejado de una gripe, no presidi\u00f3 la lectura de la audiencia semanal de los mi\u00e9rcoles, delegando la tarea en un asistente y comunicando a los fieles que a\u00fan no se encontraba bien. Tambi\u00e9n hab\u00eda cancelado sus audiencias el lunes 26 de febrero debido a una gripe leve, seg\u00fan un comunicado del Vaticano. Adem\u00e1s, el s\u00e1bado 24 de febrero tambi\u00e9n cancel\u00f3 actividades debido a problemas de salud relacionados con la gripe.<\/p>\n<p>El pont\u00edfice acudi\u00f3 al hospital Gemelli de la isla Tiberina en el centro de Roma para su visita m\u00e9dica, tras manifestar sentirse resfriado durante el d\u00eda anterior y previamente haber comunicado s\u00edntomas de gripe.<\/p>\n","protected":false},"excerpt":{"rendered":"<p>El Sumo Pont\u00edfice, de 87 a\u00f1os de edad, retorn\u00f3 al Vaticano luego de una corta estad\u00eda en un hospital romano para someterse a un chequeo m\u00e9dico, seg\u00fan informaron medios de comunicaci\u00f3n italianos hoy 28 de febrero de 2024. El papa Francisco, aquejado de una gripe, no presidi\u00f3 la lectura de la audiencia semanal de los [&hellip;]<\/p>\n","protected":false},"author":3,"featured_media":1123,"comment_status":"open","ping_status":"open","sticky":false,"template":"","format":"standard","meta":{"om_disable_all_campaigns":false,"_monsterinsights_skip_tracking":false,"_monsterinsights_sitenote_active":false,"_monsterinsights_sitenote_note":"","_monsterinsights_sitenote_category":0,"_uf_show_specific_survey":0,"_uf_disable_surveys":false,"amp_status":""},"categories":[1],"tags":[646,645,642,644,643],"aioseo_notices":[],"_links":{"self":[{"href":"https:\/\/niveluno.com\/index.php\/wp-json\/wp\/v2\/posts\/1121"}],"collection":[{"href":"https:\/\/niveluno.com\/index.php\/wp-json\/wp\/v2\/posts"}],"about":[{"href":"https:\/\/niveluno.com\/index.php\/wp-json\/wp\/v2\/types\/post"}],"author":[{"embeddable":true,"href":"https:\/\/niveluno.com\/index.php\/wp-json\/wp\/v2\/users\/3"}],"replies":[{"embeddable":true,"href":"https:\/\/niveluno.com\/index.php\/wp-json\/wp\/v2\/comments?post=1121"}],"version-history":[{"count":1,"href":"https:\/\/niveluno.com\/index.php\/wp-json\/wp\/v2\/posts\/1121\/revisions"}],"predecessor-version":[{"id":1124,"href":"https:\/\/niveluno.com\/index.php\/wp-json\/wp\/v2\/posts\/1121\/revisions\/1124"}],"wp:featuredmedia":[{"embeddable":true,"href":"https:\/\/niveluno.com\/index.php\/wp-json\/wp\/v2\/media\/1123"}],"wp:attachment":[{"href":"https:\/\/niveluno.com\/index.php\/wp-json\/wp\/v2\/media?parent=1121"}],"wp:term":[{"taxonomy":"category","embeddable":true,"href":"https:\/\/niveluno.com\/index.php\/wp-json\/wp\/v2\/categories?post=1121"},{"taxonomy":"post_tag","embeddable":true,"href":"https:\/\/niveluno.com\/index.php\/wp-json\/wp\/v2\/tags?post=1121"}],"curies":[{"name":"wp","href":"https:\/\/api.w.org\/{rel}","templated":true}]}}