{"id":1068,"date":"2024-02-24T12:42:33","date_gmt":"2024-02-24T12:42:33","guid":{"rendered":"https:\/\/niveluno.com\/?p=1068"},"modified":"2024-02-24T12:42:33","modified_gmt":"2024-02-24T12:42:33","slug":"amaga-usuario-de-x-con-revelar-numero-de-telefono-de-jose-ramon-hijo-de-amlo","status":"publish","type":"post","link":"https:\/\/niveluno.com\/index.php\/2024\/02\/24\/amaga-usuario-de-x-con-revelar-numero-de-telefono-de-jose-ramon-hijo-de-amlo\/","title":{"rendered":"Amaga usuario de X con revelar n\u00famero de tel\u00e9fono de Jos\u00e9 Ram\u00f3n, hijo de AMLO"},"content":{"rendered":"<p>Un usuario de la red social Twitter, identificado como <span class=\"css-1qaijid r-bcqeeo r-qvutc0 r-poiln3\">@Libro_negro_<\/span>, dirigi\u00f3 un mensaje directo al presidente Andr\u00e9s Manuel L\u00f3pez Obrador, en el que cuestiona el hecho de haber expuesto el n\u00famero telef\u00f3nico de la periodista de The New York Times, Natalie Kitroeff y la libertad que ahora tendr\u00eda para hacer lo mismo con el n\u00famero de tel\u00e9fono de su hijo, Jos\u00e9 Ram\u00f3n.<\/p>\n<p>En el mensaje, el usuario expres\u00f3 su inquietud respecto a la vulneraci\u00f3n de la privacidad de los periodistas por parte del Gobierno, amenazando con tomar medidas similares si no se respetaba la informaci\u00f3n personal de los comunicadores.<\/p>\n<p>El mensaje, dirigido al perfil oficial del Presidente de M\u00e9xico, plantea la preocupaci\u00f3n del usuario de X sobre el respeto a la privacidad y la posibilidad de que la informaci\u00f3n personal de los funcionarios p\u00fablicos pueda ser compartida de manera p\u00fablica si no se respeta la confidencialidad de los periodistas.<\/p>\n<p>Hasta el momento, no se ha recibido una respuesta oficial por parte del Presidente L\u00f3pez Obrador ni de su equipo de comunicaci\u00f3n sobre este mensaje en particular.<\/p>\n<p><a href=\"https:\/\/x.com\/Libro_negro_\/status\/1761104287835234633?s=20\">https:\/\/x.com\/Libro_negro_\/status\/1761104287835234633?s=20<\/a><\/p>\n","protected":false},"excerpt":{"rendered":"<p>Un usuario de la red social Twitter, identificado como @Libro_negro_, dirigi\u00f3 un mensaje directo al presidente Andr\u00e9s Manuel L\u00f3pez Obrador, en el que cuestiona el hecho de haber expuesto el n\u00famero telef\u00f3nico de la periodista de The New York Times, Natalie Kitroeff y la libertad que ahora tendr\u00eda para hacer lo mismo con el n\u00famero [&hellip;]<\/p>\n","protected":false},"author":1,"featured_media":1069,"comment_status":"open","ping_status":"open","sticky":false,"template":"","format":"standard","meta":{"om_disable_all_campaigns":false,"_monsterinsights_skip_tracking":false,"_monsterinsights_sitenote_active":false,"_monsterinsights_sitenote_note":"","_monsterinsights_sitenote_category":0,"_uf_show_specific_survey":0,"_uf_disable_surveys":false,"amp_status":""},"categories":[541],"tags":[],"aioseo_notices":[],"_links":{"self":[{"href":"https:\/\/niveluno.com\/index.php\/wp-json\/wp\/v2\/posts\/1068"}],"collection":[{"href":"https:\/\/niveluno.com\/index.php\/wp-json\/wp\/v2\/posts"}],"about":[{"href":"https:\/\/niveluno.com\/index.php\/wp-json\/wp\/v2\/types\/post"}],"author":[{"embeddable":true,"href":"https:\/\/niveluno.com\/index.php\/wp-json\/wp\/v2\/users\/1"}],"replies":[{"embeddable":true,"href":"https:\/\/niveluno.com\/index.php\/wp-json\/wp\/v2\/comments?post=1068"}],"version-history":[{"count":1,"href":"https:\/\/niveluno.com\/index.php\/wp-json\/wp\/v2\/posts\/1068\/revisions"}],"predecessor-version":[{"id":1070,"href":"https:\/\/niveluno.com\/index.php\/wp-json\/wp\/v2\/posts\/1068\/revisions\/1070"}],"wp:featuredmedia":[{"embeddable":true,"href":"https:\/\/niveluno.com\/index.php\/wp-json\/wp\/v2\/media\/1069"}],"wp:attachment":[{"href":"https:\/\/niveluno.com\/index.php\/wp-json\/wp\/v2\/media?parent=1068"}],"wp:term":[{"taxonomy":"category","embeddable":true,"href":"https:\/\/niveluno.com\/index.php\/wp-json\/wp\/v2\/categories?post=1068"},{"taxonomy":"post_tag","embeddable":true,"href":"https:\/\/niveluno.com\/index.php\/wp-json\/wp\/v2\/tags?post=1068"}],"curies":[{"name":"wp","href":"https:\/\/api.w.org\/{rel}","templated":true}]}}