{"id":1030,"date":"2024-02-20T15:42:01","date_gmt":"2024-02-20T15:42:01","guid":{"rendered":"https:\/\/niveluno.com\/?p=1030"},"modified":"2024-02-20T15:42:01","modified_gmt":"2024-02-20T15:42:01","slug":"feria-del-libro-texcoco-2024-un-homenaje-a-la-trayectoria-del-cronista-contla","status":"publish","type":"post","link":"https:\/\/niveluno.com\/index.php\/2024\/02\/20\/feria-del-libro-texcoco-2024-un-homenaje-a-la-trayectoria-del-cronista-contla\/","title":{"rendered":"Feria del Libro Texcoco 2024: Un homenaje a la trayectoria del cronista Contla"},"content":{"rendered":"<p>La Feria del Libro Texcoco regresa con una d\u00e9cada de historia, honrando la memoria del querido cronista de Texcoco, Alejandro Contla Carmona, y ofreciendo una amplia gama de actividades culturales para la comunidad.<\/p>\n<hr \/>\n<p><strong>Texcoco, Estado de M\u00e9xico, 19 de febrero de 2024.- <\/strong>La D\u00e9cima Edici\u00f3n de la Feria del Libro Texcoco 2024 se llevar\u00e1 a cabo del 21 al 25 de febrero, destacando con 33 actividades y un especial reconocimiento al fallecido Cronista de Texcoco, Alejandro Contla Carmona, por su incansable labor investigativa y su contribuci\u00f3n a la difusi\u00f3n de la historia local.<\/p>\n<p>La Presidenta Municipal de Texcoco, Elizabeth Terrazas Ram\u00edrez, anunci\u00f3 que la feria contar\u00e1 con la tradicional Brigada para Leer en Libertad, as\u00ed como sorpresas y presentes para los lectores, continuando as\u00ed la iniciativa que ha perdurado durante los \u00faltimos 10 a\u00f1os.<\/p>\n<p>La sede ser\u00e1 el jard\u00edn municipal, consolidado como un espacio emblem\u00e1tico para la cultura y la lectura en Texcoco, donde se realizar\u00e1n actividades para ni\u00f1os, conferencias, presentaciones de libros, teatro y m\u00fasica.<\/p>\n<p>En esta edici\u00f3n, se realizar\u00e1 un sentido homenaje a Alejandro Contla Carmona, figura destacada en la historia local, con la presencia de su familia y colaboradores m\u00e1s cercanos.<\/p>\n<p>Parte de este homenaje incluye la edici\u00f3n del libro &#8220;Memorias del Primer Congreso Nacional de Historia Nezahualc\u00f3yotl 1981&#8221;, escrito por Contla Carmona, el cual ser\u00e1 distribuido en bibliotecas, escuelas y entre los asistentes a la Feria del Libro.<\/p>\n<p>El presupuesto asignado para esta edici\u00f3n es de 443,444.80 pesos, aprobado con el apoyo del cabildo municipal.<\/p>\n<p>Con 40 stands y la participaci\u00f3n de m\u00e1s de 200 fondos culturales, se espera recibir a m\u00e1s de 20,000 visitantes diarios en el jard\u00edn municipal.<\/p>\n<p>Adem\u00e1s, en el marco de la feria, el gobierno de Texcoco organizar\u00e1 un concurso de dibujo infantil llamado &#8220;\u00bfQu\u00e9 me Gusta de mi Municipio?&#8221;, dirigido a ni\u00f1os de 6 a 13 a\u00f1os, con atractivos premios para los ganadores.<\/p>\n","protected":false},"excerpt":{"rendered":"<p>La Feria del Libro Texcoco regresa con una d\u00e9cada de historia, honrando la memoria del querido cronista de Texcoco, Alejandro Contla Carmona, y ofreciendo una amplia gama de actividades culturales para la comunidad. Texcoco, Estado de M\u00e9xico, 19 de febrero de 2024.- La D\u00e9cima Edici\u00f3n de la Feria del Libro Texcoco 2024 se llevar\u00e1 a [&hellip;]<\/p>\n","protected":false},"author":1,"featured_media":1031,"comment_status":"open","ping_status":"open","sticky":false,"template":"","format":"standard","meta":{"om_disable_all_campaigns":false,"_monsterinsights_skip_tracking":false,"_monsterinsights_sitenote_active":false,"_monsterinsights_sitenote_note":"","_monsterinsights_sitenote_category":0,"_uf_show_specific_survey":0,"_uf_disable_surveys":false,"amp_status":""},"categories":[503],"tags":[558],"aioseo_notices":[],"_links":{"self":[{"href":"https:\/\/niveluno.com\/index.php\/wp-json\/wp\/v2\/posts\/1030"}],"collection":[{"href":"https:\/\/niveluno.com\/index.php\/wp-json\/wp\/v2\/posts"}],"about":[{"href":"https:\/\/niveluno.com\/index.php\/wp-json\/wp\/v2\/types\/post"}],"author":[{"embeddable":true,"href":"https:\/\/niveluno.com\/index.php\/wp-json\/wp\/v2\/users\/1"}],"replies":[{"embeddable":true,"href":"https:\/\/niveluno.com\/index.php\/wp-json\/wp\/v2\/comments?post=1030"}],"version-history":[{"count":1,"href":"https:\/\/niveluno.com\/index.php\/wp-json\/wp\/v2\/posts\/1030\/revisions"}],"predecessor-version":[{"id":1032,"href":"https:\/\/niveluno.com\/index.php\/wp-json\/wp\/v2\/posts\/1030\/revisions\/1032"}],"wp:featuredmedia":[{"embeddable":true,"href":"https:\/\/niveluno.com\/index.php\/wp-json\/wp\/v2\/media\/1031"}],"wp:attachment":[{"href":"https:\/\/niveluno.com\/index.php\/wp-json\/wp\/v2\/media?parent=1030"}],"wp:term":[{"taxonomy":"category","embeddable":true,"href":"https:\/\/niveluno.com\/index.php\/wp-json\/wp\/v2\/categories?post=1030"},{"taxonomy":"post_tag","embeddable":true,"href":"https:\/\/niveluno.com\/index.php\/wp-json\/wp\/v2\/tags?post=1030"}],"curies":[{"name":"wp","href":"https:\/\/api.w.org\/{rel}","templated":true}]}}